{"id":95517,"date":"2016-09-18T12:04:32","date_gmt":"2016-09-18T15:04:32","guid":{"rendered":"http:\/\/www.redenoticia.com.br\/noticia\/?p=95517"},"modified":"2016-09-18T19:23:12","modified_gmt":"2016-09-18T22:23:12","slug":"novela-velho-chico-resumo-1909-luzia-percebe-que-o-vereador-esta-a-correr-risco","status":"publish","type":"post","link":"https:\/\/migracao.redenoticia.com.br\/noticia\/2016\/novela-velho-chico-resumo-1909-luzia-percebe-que-o-vereador-esta-a-correr-risco\/95517","title":{"rendered":"Novela \u201cVelho Chico\u201d resumo 19\/09: Luzia denuncia Bento para o delegado"},"content":{"rendered":"<p><img loading=\"lazy\" decoding=\"async\" class=\"alignleft size-thumbnail wp-image-82169\" src=\"https:\/\/migracao.redenoticia.com.br\/noticia\/imagens\/velho_chico_novela_resumo_globo-150x112.jpg\" alt=\"velho_chico_novela_resumo_globo\" width=\"150\" height=\"112\" srcset=\"https:\/\/migracao.redenoticia.com.br\/noticia\/imagens\/velho_chico_novela_resumo_globo-150x112.jpg 150w, https:\/\/migracao.redenoticia.com.br\/noticia\/imagens\/velho_chico_novela_resumo_globo-265x198.jpg 265w\" sizes=\"auto, (max-width: 150px) 100vw, 150px\" \/><strong><em>Novela \u201cVelho Chico\u201d resumo 19\/09<\/em><\/strong>: apesar da mudan\u00e7a de comportamento de Luzia, ela volta a ter um surto ao ver Encarna\u00e7\u00e3o em sua casa. A centen\u00e1ria tem uma conversa a s\u00f3s com Piedade, na qual pede perd\u00e3o por mandar matar o capit\u00e3o Ernesto Rosa. S\u00f3 que a matriarca da fam\u00edlia Dos Anjos se nega a contar o que falou com Encarna\u00e7\u00e3o e gera um chilique da ex-nora. Bento e Santo tamb\u00e9m questionam a m\u00e3e sobre a conversa com Encarna\u00e7\u00e3o e esta continua com a recusa de falar. Depois, Santo manda Luzia se controlar, e Bento sai nervoso. Em seguida, Luzia vai \u00e0 delegacia e toma uma atitude que deixa Piedade e Santo indignados.\u00a0Luzia percebe que o vereador est\u00e1 a correr risco ao investigar por conta pr\u00f3pria o desaparecimento de Martim. Com medo de que uma trag\u00e9dia aconte\u00e7a, ela afirma ao delegado que Bento esconde informa\u00e7\u00f5es e obstrui, assim, o trabalho da Justi\u00e7a.\u00a0&#8220;Prefiro\u00a0chor\u00e1\u00a0irm\u00e3o preso, que\u00a0chor\u00e1\u00a0irm\u00e3o morto&#8221;, justifica Luzia. <\/p>\n<p>No cap\u00edtulo 163(*), novela \u201cVelho Chico\u201d, segunda-feira, 19 de setembro \u2013 Luzia, Bento e Santo questionam Piedade sobre a conversa com Encarna\u00e7\u00e3o.<\/p>\n<p>Padre Ben\u00edcio vai ao encontro de Encarna\u00e7\u00e3o. Queiroz convence Carlos a poupar a vida de Bento. Luzia revela a Germano que Bento esconde algo da pol\u00edcia.<\/p>\n<p>Germano pede que Bento confie nele. Iolanda anuncia a Afr\u00e2nio que deixar\u00e1 a mans\u00e3o.<\/p>\n<p>(*) edi\u00e7\u00e3o da Rede Globo, Novela \u201cVelho Chico\u201d, sujeito a altera\u00e7\u00e3o de data e conte\u00fado.<\/p>\n","protected":false},"excerpt":{"rendered":"<p>Novela \u201cVelho Chico\u201d resumo 19\/09: apesar da mudan\u00e7a de comportamento de Luzia, ela volta a ter um surto ao ver Encarna\u00e7\u00e3o em sua casa. A centen\u00e1ria tem uma conversa a s\u00f3s com Piedade, na qual pede perd\u00e3o por mandar matar o capit\u00e3o Ernesto Rosa. S\u00f3 que a matriarca da fam\u00edlia Dos Anjos se nega a [&hellip;]<\/p>\n","protected":false},"author":4,"featured_media":82169,"comment_status":"open","ping_status":"closed","sticky":false,"template":"","format":"standard","meta":{"tdm_status":"","tdm_grid_status":"","footnotes":""},"categories":[379,375,343],"tags":[441],"class_list":{"0":"post-95517","1":"post","2":"type-post","3":"status-publish","4":"format-standard","5":"has-post-thumbnail","7":"category-novelas","8":"category-rede-globo","9":"category-televisao","10":"tag-resumo-do-dia"},"_links":{"self":[{"href":"https:\/\/migracao.redenoticia.com.br\/noticia\/wp-json\/wp\/v2\/posts\/95517","targetHints":{"allow":["GET"]}}],"collection":[{"href":"https:\/\/migracao.redenoticia.com.br\/noticia\/wp-json\/wp\/v2\/posts"}],"about":[{"href":"https:\/\/migracao.redenoticia.com.br\/noticia\/wp-json\/wp\/v2\/types\/post"}],"author":[{"embeddable":true,"href":"https:\/\/migracao.redenoticia.com.br\/noticia\/wp-json\/wp\/v2\/users\/4"}],"replies":[{"embeddable":true,"href":"https:\/\/migracao.redenoticia.com.br\/noticia\/wp-json\/wp\/v2\/comments?post=95517"}],"version-history":[{"count":0,"href":"https:\/\/migracao.redenoticia.com.br\/noticia\/wp-json\/wp\/v2\/posts\/95517\/revisions"}],"wp:featuredmedia":[{"embeddable":true,"href":"https:\/\/migracao.redenoticia.com.br\/noticia\/wp-json\/wp\/v2\/media\/82169"}],"wp:attachment":[{"href":"https:\/\/migracao.redenoticia.com.br\/noticia\/wp-json\/wp\/v2\/media?parent=95517"}],"wp:term":[{"taxonomy":"category","embeddable":true,"href":"https:\/\/migracao.redenoticia.com.br\/noticia\/wp-json\/wp\/v2\/categories?post=95517"},{"taxonomy":"post_tag","embeddable":true,"href":"https:\/\/migracao.redenoticia.com.br\/noticia\/wp-json\/wp\/v2\/tags?post=95517"}],"curies":[{"name":"wp","href":"https:\/\/api.w.org\/{rel}","templated":true}]}}