{"id":95523,"date":"2016-09-18T12:11:35","date_gmt":"2016-09-18T15:11:35","guid":{"rendered":"http:\/\/www.redenoticia.com.br\/noticia\/?p=95523"},"modified":"2016-09-18T19:30:55","modified_gmt":"2016-09-18T22:30:55","slug":"novela-malhacao-resumo-1909-nanda-continua-a-evitar-romulo-de-todas-as-maneiras","status":"publish","type":"post","link":"https:\/\/migracao.redenoticia.com.br\/noticia\/2016\/novela-malhacao-resumo-1909-nanda-continua-a-evitar-romulo-de-todas-as-maneiras\/95523","title":{"rendered":"Novela \u201cMalha\u00e7\u00e3o\u201d resumo 19\/09: Joana aceita convite de Gabriel"},"content":{"rendered":"<p><img loading=\"lazy\" decoding=\"async\" class=\"alignleft size-thumbnail wp-image-91715\" src=\"https:\/\/migracao.redenoticia.com.br\/noticia\/imagens\/malhacao_pro_dia_nascer_feliz_resumo_novela-150x112.jpg\" alt=\"malhacao_pro_dia_nascer_feliz_resumo_novela\" width=\"150\" height=\"112\" srcset=\"https:\/\/migracao.redenoticia.com.br\/noticia\/imagens\/malhacao_pro_dia_nascer_feliz_resumo_novela-150x112.jpg 150w, https:\/\/migracao.redenoticia.com.br\/noticia\/imagens\/malhacao_pro_dia_nascer_feliz_resumo_novela-265x198.jpg 265w\" sizes=\"auto, (max-width: 150px) 100vw, 150px\" \/><strong><em>Novela \u201cMalha\u00e7\u00e3o\u201d resumo 19\/09<\/em><\/strong>:\u00a0Joana est\u00e1 pronta pra ir embora da Forma, ap\u00f3s um longo dia de trabalho, e \u00e9 surpreendida por\u00a0Gabriel. O rapaz a convida para sair e lanchar com ele, Manu, Giovane e Caio. Ela resiste, mas o jogador insiste e diz que tem um a\u00e7a\u00ed na esquina da rua que \u00e9 o melhor de Santa Terezinha. Sem saber como recusar, ela acaba por aceitar e diz que duvida que o a\u00e7a\u00ed seja melhor que o do Cear\u00e1. <\/p>\n<p>No cap\u00edtulo 021(*), novela \u201cMalha\u00e7\u00e3o\u201d, segunda-feira, 19 de setembro \u2013 Caio disfar\u00e7a para B\u00e1rbara seu interesse por Joana. Tita sente ci\u00fames de Ricardo com T\u00e2nia. Caio confessa para Joana que conheceu a m\u00e3e dela.<\/p>\n<p>Caio percebe quando Gabriel observa Joana. Juliana incita Lucas a grafitar a parede da academia. Joana sai com Caio, Gabriel e Giovane, e B\u00e1rbara se incomoda.<\/p>\n<p>Nanda afirma a R\u00f4mulo que n\u00e3o est\u00e1 pronta para se envolver com algu\u00e9m. Ricardo amea\u00e7a demitir Lucas, que repreende Juliana. Caio revela a B\u00e1rbara que era amigo de Carmem.<\/p>\n<p>(*) edi\u00e7\u00e3o da Rede Globo, Novela \u201cMalha\u00e7\u00e3o\u201d, sujeito a altera\u00e7\u00e3o de data e conte\u00fado.<\/p>\n","protected":false},"excerpt":{"rendered":"<p>Novela \u201cMalha\u00e7\u00e3o\u201d resumo 19\/09:\u00a0Joana est\u00e1 pronta pra ir embora da Forma, ap\u00f3s um longo dia de trabalho, e \u00e9 surpreendida por\u00a0Gabriel. O rapaz a convida para sair e lanchar com ele, Manu, Giovane e Caio. Ela resiste, mas o jogador insiste e diz que tem um a\u00e7a\u00ed na esquina da rua que \u00e9 o melhor [&hellip;]<\/p>\n","protected":false},"author":4,"featured_media":91715,"comment_status":"open","ping_status":"closed","sticky":false,"template":"","format":"standard","meta":{"tdm_status":"","tdm_grid_status":"","footnotes":""},"categories":[447,379,375,343],"tags":[441],"class_list":{"0":"post-95523","1":"post","2":"type-post","3":"status-publish","4":"format-standard","5":"has-post-thumbnail","7":"category-malhacao","8":"category-novelas","9":"category-rede-globo","10":"category-televisao","11":"tag-resumo-do-dia"},"_links":{"self":[{"href":"https:\/\/migracao.redenoticia.com.br\/noticia\/wp-json\/wp\/v2\/posts\/95523","targetHints":{"allow":["GET"]}}],"collection":[{"href":"https:\/\/migracao.redenoticia.com.br\/noticia\/wp-json\/wp\/v2\/posts"}],"about":[{"href":"https:\/\/migracao.redenoticia.com.br\/noticia\/wp-json\/wp\/v2\/types\/post"}],"author":[{"embeddable":true,"href":"https:\/\/migracao.redenoticia.com.br\/noticia\/wp-json\/wp\/v2\/users\/4"}],"replies":[{"embeddable":true,"href":"https:\/\/migracao.redenoticia.com.br\/noticia\/wp-json\/wp\/v2\/comments?post=95523"}],"version-history":[{"count":0,"href":"https:\/\/migracao.redenoticia.com.br\/noticia\/wp-json\/wp\/v2\/posts\/95523\/revisions"}],"wp:featuredmedia":[{"embeddable":true,"href":"https:\/\/migracao.redenoticia.com.br\/noticia\/wp-json\/wp\/v2\/media\/91715"}],"wp:attachment":[{"href":"https:\/\/migracao.redenoticia.com.br\/noticia\/wp-json\/wp\/v2\/media?parent=95523"}],"wp:term":[{"taxonomy":"category","embeddable":true,"href":"https:\/\/migracao.redenoticia.com.br\/noticia\/wp-json\/wp\/v2\/categories?post=95523"},{"taxonomy":"post_tag","embeddable":true,"href":"https:\/\/migracao.redenoticia.com.br\/noticia\/wp-json\/wp\/v2\/tags?post=95523"}],"curies":[{"name":"wp","href":"https:\/\/api.w.org\/{rel}","templated":true}]}}