{"id":95559,"date":"2016-09-19T20:25:18","date_gmt":"2016-09-19T23:25:18","guid":{"rendered":"http:\/\/www.redenoticia.com.br\/noticia\/?p=95559"},"modified":"2016-09-19T16:48:44","modified_gmt":"2016-09-19T19:48:44","slug":"novela-chiquititas-resumo-2009-maria-cecilia-repreende-carol","status":"publish","type":"post","link":"https:\/\/migracao.redenoticia.com.br\/noticia\/2016\/novela-chiquititas-resumo-2009-maria-cecilia-repreende-carol\/95559","title":{"rendered":"Novela \u201cChiquititas\u201d resumo 20\/09: Maria Cec\u00edlia repreende Carol"},"content":{"rendered":"<p><img loading=\"lazy\" decoding=\"async\" class=\"alignleft size-thumbnail wp-image-57144\" src=\"http:\/\/cdn.redenoticia.com.br\/noticia\/imagens\/\/2014\/08\/chiquititas-resumo-novela-sbt-150x150.png\" alt=\"chiquititas-resumo-novela-sbt\" width=\"112\" height=\"112\" \/><strong><em>Novela \u201cChiquititas\u201d resumo 20\/09<\/em><\/strong>:\u00a0Eduarda conta para a filha que Carol est\u00e1 recebendo trombadinhas no Caf\u00e9 Boutique, e que isso pode sujar a imagem da loja. Maria Cec\u00edlia promete ficar atenta. Carol entra na sala da supervisora, pois gostaria de saber o telefone ou endere\u00e7o do Orfanato Raio de Luz. A supervisora diz que n\u00e3o possui o telefone, pois esse \u00e9 um assunto restrito ao Dr. Jos\u00e9 Ricardo. Maria Cec\u00edlia levanta e repreende Carol. Reclama que n\u00e3o quer mais aqueles trombadinhas na loja, que a gar\u00e7onete foi irrespons\u00e1vel em sair no meio do expediente e que ela n\u00e3o deve se meter em assuntos que n\u00e3o s\u00e3o de sua responsabilidade. <\/p>\n<p>No cap\u00edtulo 007(*), novela \u201cChiquititas\u201d, ter\u00e7a-feira, 20 de setembro \u2013 Eduarda diz que est\u00e1 na hora da filha se mexer para dar em cima de Junior. Carol entra na sala da supervisora. Armando chega com Junior na loja e apresenta o rapaz como novo diretor-geral da rede Caf\u00e9 Boutique.<\/p>\n<p>Enquanto isso, Carol diz que foi at\u00e9 l\u00e1 por um assunto de emerg\u00eancia, pois gostaria de saber o telefone ou endere\u00e7o do Orfanato Raio de Luz. A supervisora diz que n\u00e3o possui o telefone, pois esse \u00e9 um assunto restrito ao Dr. Jos\u00e9 Ricardo. Maria Cec\u00edlia levanta e repreende Carol.<\/p>\n<p>Reclama que n\u00e3o quer mais aqueles trombadinhas na loja, que a gar\u00e7onete foi irrespons\u00e1vel em sair no meio do expediente e que ela n\u00e3o deve se meter em assuntos que n\u00e3o s\u00e3o de sua responsabilidade. As Chiquititas terminam de maquiar Ana para assustar Ernestina.<\/p>\n<p>(*) edi\u00e7\u00e3o do SBT, Novela \u201cChiquititas\u201d, sujeito a altera\u00e7\u00e3o de data e conte\u00fado.<\/p>\n","protected":false},"excerpt":{"rendered":"<p>Novela \u201cChiquititas\u201d resumo 20\/09:\u00a0Eduarda conta para a filha que Carol est\u00e1 recebendo trombadinhas no Caf\u00e9 Boutique, e que isso pode sujar a imagem da loja. Maria Cec\u00edlia promete ficar atenta. Carol entra na sala da supervisora, pois gostaria de saber o telefone ou endere\u00e7o do Orfanato Raio de Luz. A supervisora diz que n\u00e3o possui [&hellip;]<\/p>\n","protected":false},"author":4,"featured_media":49690,"comment_status":"open","ping_status":"closed","sticky":false,"template":"","format":"standard","meta":{"tdm_status":"","tdm_grid_status":"","footnotes":""},"categories":[409,379,372,343],"tags":[441],"class_list":{"0":"post-95559","1":"post","2":"type-post","3":"status-publish","4":"format-standard","5":"has-post-thumbnail","7":"category-chiquititas","8":"category-novelas","9":"category-sbt","10":"category-televisao","11":"tag-resumo-do-dia"},"_links":{"self":[{"href":"https:\/\/migracao.redenoticia.com.br\/noticia\/wp-json\/wp\/v2\/posts\/95559","targetHints":{"allow":["GET"]}}],"collection":[{"href":"https:\/\/migracao.redenoticia.com.br\/noticia\/wp-json\/wp\/v2\/posts"}],"about":[{"href":"https:\/\/migracao.redenoticia.com.br\/noticia\/wp-json\/wp\/v2\/types\/post"}],"author":[{"embeddable":true,"href":"https:\/\/migracao.redenoticia.com.br\/noticia\/wp-json\/wp\/v2\/users\/4"}],"replies":[{"embeddable":true,"href":"https:\/\/migracao.redenoticia.com.br\/noticia\/wp-json\/wp\/v2\/comments?post=95559"}],"version-history":[{"count":0,"href":"https:\/\/migracao.redenoticia.com.br\/noticia\/wp-json\/wp\/v2\/posts\/95559\/revisions"}],"wp:featuredmedia":[{"embeddable":true,"href":"https:\/\/migracao.redenoticia.com.br\/noticia\/wp-json\/wp\/v2\/media\/49690"}],"wp:attachment":[{"href":"https:\/\/migracao.redenoticia.com.br\/noticia\/wp-json\/wp\/v2\/media?parent=95559"}],"wp:term":[{"taxonomy":"category","embeddable":true,"href":"https:\/\/migracao.redenoticia.com.br\/noticia\/wp-json\/wp\/v2\/categories?post=95559"},{"taxonomy":"post_tag","embeddable":true,"href":"https:\/\/migracao.redenoticia.com.br\/noticia\/wp-json\/wp\/v2\/tags?post=95559"}],"curies":[{"name":"wp","href":"https:\/\/api.w.org\/{rel}","templated":true}]}}