{"id":95564,"date":"2016-09-19T18:15:11","date_gmt":"2016-09-19T21:15:11","guid":{"rendered":"http:\/\/www.redenoticia.com.br\/noticia\/?p=95564"},"modified":"2016-09-19T16:42:40","modified_gmt":"2016-09-19T19:42:40","slug":"novela-a-gata-resumo-2009-esmeralda-diz-ao-silencioso-que-ja-nao-quer-seguir-com-o-plano-contra-paulo","status":"publish","type":"post","link":"https:\/\/migracao.redenoticia.com.br\/noticia\/2016\/novela-a-gata-resumo-2009-esmeralda-diz-ao-silencioso-que-ja-nao-quer-seguir-com-o-plano-contra-paulo\/95564","title":{"rendered":"Novela \u201cA Gata\u201d resumo 20\/09: Virginia desabafa com Mariano"},"content":{"rendered":"<p><img loading=\"lazy\" decoding=\"async\" class=\"alignleft size-thumbnail wp-image-92254\" src=\"https:\/\/migracao.redenoticia.com.br\/noticia\/imagens\/A_Gata_novela_resumo_SBT-150x112.jpg\" alt=\"A_Gata_novela_resumo_SBT\" width=\"150\" height=\"112\" srcset=\"https:\/\/migracao.redenoticia.com.br\/noticia\/imagens\/A_Gata_novela_resumo_SBT-150x112.jpg 150w, https:\/\/migracao.redenoticia.com.br\/noticia\/imagens\/A_Gata_novela_resumo_SBT-265x198.jpg 265w\" sizes=\"auto, (max-width: 150px) 100vw, 150px\" \/><strong><em>Novela \u201cA Gata\u201d resumo 20\/09<\/em><\/strong>: Mariano tenta convencer o irm\u00e3o a esquecer Esmeralda de uma vez por todas. Paulo responde que n\u00e3o conseguiu esquecer e jamais vai conseguir. Lorena ouve a conversa e fica furiosa. Ela afirma que, caso Paulo rompa com M\u00f4nica, vai perder todos os la\u00e7os que o une a sua fam\u00edlia, pois nem ela nem Augusto est\u00e3o dispostos a aceitar Esmeralda. Paulo diz que ama Esmeralda. Lorena o esbofeteia. Virginia diz a Mariano que sua fam\u00edlia est\u00e1 se destruindo e Lorena n\u00e3o se d\u00e1 conta que ela e Paulo tem o direito de buscarem sua felicidade. Lorena tenta falar com Paulo e diz que eles s\u00e3o uma fam\u00edlia. Paulo responde que, se necess\u00e1rio, renuncia sua fam\u00edlia por Esmeralda. Mais tarde, Esmeralda diz ao Silencioso que j\u00e1 n\u00e3o quer seguir com o plano contra Paulo. Silencioso responde que isso \u00e9 necess\u00e1rio, pois s\u00f3 assim vai recuperar o pai de seus filhos. <\/p>\n<p>No cap\u00edtulo 027(*), novela \u201cA Gata\u201d, ter\u00e7a-feira, 20 de setembro \u2013 ao ver sua m\u00e3e chorando, Mariano a pergunta o que ocorre. Lorena responde que Augusto est\u00e1 com um problema muito grave, pois o protetor de Esmeralda quer o desprestigiar. Mariano diz a m\u00e3e que n\u00e3o deve preocupar-se, pois Augusto \u00e9 um homem honrado, do qual toda a fam\u00edlia muito se orgulha. Mariano e Paulo discutem, j\u00e1 que Mariano tenta convencer o irm\u00e3o a esquecer Esmeralda de uma vez por todas. Paulo responde que n\u00e3o conseguiu esquecer e jamais conseguir\u00e1.<\/p>\n<p>Lorena ouve a conversa e fica furiosa, afirmando que caso Paulo rompa com M\u00f4nica, perder\u00e1 todos os la\u00e7os que o une a sua fam\u00edlia, pois nem ela nem Augusto est\u00e3o dispostos a aceitar Esmeralda. Paulo diz que ama Esmeralda. Lorena o esbofeteia. Augusto aponta uma arma para si mesmo, por\u00e9m justo nessa hora aparece Virginia, que apesar de n\u00e3o ver, sente que algo preocupa Augusto. Ela diz que o ama muito. Garrancho segue usando In\u00eas em seus assaltos. Esmeralda encontra Perla em uma igreja. Esmeralda se preocupa, pois n\u00e3o tem quem consiga cuidar de Perla. Dona Rita se oferece para cuidar da senhora, junto com Maria. Esmeralda aceita. Esmeralda diz a Paulo que est\u00e1 ser\u00e1 a \u00faltima vez que se veem se ele n\u00e3o terminar com M\u00f4nica.<\/p>\n<p>Paulo diz a Mariano que Esmeralda j\u00e1 n\u00e3o \u00e9 mais a garota do barranco, que agora \u00e9 uma mulher fina e elegante, que tem de tudo. Paulo percebe interesse em Mariano e o questiona se ele sente algo por Esmeralda. O rapaz responde que n\u00e3o. Esmeralda diz ao Silencioso que j\u00e1 n\u00e3o quer seguir com o plano contra Paulo. Silencioso responde que isso e necess\u00e1rio, pois s\u00f3 assim recuperar\u00e1 o pai de seus filhos. Virginia diz a Mariano que sua fam\u00edlia est\u00e1 se destruindo e Lorena n\u00e3o se d\u00e1 conta que tanto ela quanto Paulo t\u00eam o direito de buscarem sua felicidade. Lorena tenta falar com Paulo e diz que eles s\u00e3o uma fam\u00edlia. Paulo responde que, se necess\u00e1rio, renunciar\u00e1 sua fam\u00edlia por Esmeralda.<\/p>\n<p>(*) edi\u00e7\u00e3o do SBT, Novela \u201cA Gata\u201d, sujeito a altera\u00e7\u00e3o de data e conte\u00fado.<\/p>\n","protected":false},"excerpt":{"rendered":"<p>Novela \u201cA Gata\u201d resumo 20\/09: Mariano tenta convencer o irm\u00e3o a esquecer Esmeralda de uma vez por todas. Paulo responde que n\u00e3o conseguiu esquecer e jamais vai conseguir. Lorena ouve a conversa e fica furiosa. Ela afirma que, caso Paulo rompa com M\u00f4nica, vai perder todos os la\u00e7os que o une a sua fam\u00edlia, pois [&hellip;]<\/p>\n","protected":false},"author":4,"featured_media":92254,"comment_status":"open","ping_status":"closed","sticky":false,"template":"","format":"standard","meta":{"tdm_status":"","tdm_grid_status":"","footnotes":""},"categories":[379,372,343],"tags":[441],"class_list":{"0":"post-95564","1":"post","2":"type-post","3":"status-publish","4":"format-standard","5":"has-post-thumbnail","7":"category-novelas","8":"category-sbt","9":"category-televisao","10":"tag-resumo-do-dia"},"_links":{"self":[{"href":"https:\/\/migracao.redenoticia.com.br\/noticia\/wp-json\/wp\/v2\/posts\/95564","targetHints":{"allow":["GET"]}}],"collection":[{"href":"https:\/\/migracao.redenoticia.com.br\/noticia\/wp-json\/wp\/v2\/posts"}],"about":[{"href":"https:\/\/migracao.redenoticia.com.br\/noticia\/wp-json\/wp\/v2\/types\/post"}],"author":[{"embeddable":true,"href":"https:\/\/migracao.redenoticia.com.br\/noticia\/wp-json\/wp\/v2\/users\/4"}],"replies":[{"embeddable":true,"href":"https:\/\/migracao.redenoticia.com.br\/noticia\/wp-json\/wp\/v2\/comments?post=95564"}],"version-history":[{"count":0,"href":"https:\/\/migracao.redenoticia.com.br\/noticia\/wp-json\/wp\/v2\/posts\/95564\/revisions"}],"wp:featuredmedia":[{"embeddable":true,"href":"https:\/\/migracao.redenoticia.com.br\/noticia\/wp-json\/wp\/v2\/media\/92254"}],"wp:attachment":[{"href":"https:\/\/migracao.redenoticia.com.br\/noticia\/wp-json\/wp\/v2\/media?parent=95564"}],"wp:term":[{"taxonomy":"category","embeddable":true,"href":"https:\/\/migracao.redenoticia.com.br\/noticia\/wp-json\/wp\/v2\/categories?post=95564"},{"taxonomy":"post_tag","embeddable":true,"href":"https:\/\/migracao.redenoticia.com.br\/noticia\/wp-json\/wp\/v2\/tags?post=95564"}],"curies":[{"name":"wp","href":"https:\/\/api.w.org\/{rel}","templated":true}]}}