{"id":95566,"date":"2016-09-19T17:15:53","date_gmt":"2016-09-19T20:15:53","guid":{"rendered":"http:\/\/www.redenoticia.com.br\/noticia\/?p=95566"},"modified":"2016-09-19T16:29:00","modified_gmt":"2016-09-19T19:29:00","slug":"novela-abismo-da-paixao-resumo-2009-carmem-diz-que-elisa-e-damiao-ja-estao-juntos-e-se-amam-muito","status":"publish","type":"post","link":"https:\/\/migracao.redenoticia.com.br\/noticia\/2016\/novela-abismo-da-paixao-resumo-2009-carmem-diz-que-elisa-e-damiao-ja-estao-juntos-e-se-amam-muito\/95566","title":{"rendered":"Novela \u201cAbismo da Paix\u00e3o\u201d resumo 20\/09: Carmem irrita Gael"},"content":{"rendered":"<p><img loading=\"lazy\" decoding=\"async\" class=\"alignleft size-thumbnail wp-image-81978\" src=\"https:\/\/migracao.redenoticia.com.br\/noticia\/imagens\/abismo_de_paixao_sbt_resumo_novela-150x112.jpg\" alt=\"abismo_de_paixao_sbt_resumo_novela\" width=\"150\" height=\"112\" srcset=\"https:\/\/migracao.redenoticia.com.br\/noticia\/imagens\/abismo_de_paixao_sbt_resumo_novela-150x112.jpg 150w, https:\/\/migracao.redenoticia.com.br\/noticia\/imagens\/abismo_de_paixao_sbt_resumo_novela-265x198.jpg 265w\" sizes=\"auto, (max-width: 150px) 100vw, 150px\" \/><strong><em>Novela \u201cAbismo da Paix\u00e3o\u201d resumo 20\/09<\/em><\/strong>:\u00a0apoiado por Flor\u00eancia, Dami\u00e3o rouba Eliza e impede que ela se case com Gael. O noivo sofre e fica arrasado por n\u00e3o ter se casado com sua amiga de inf\u00e2ncia. Carmem comemora o sofrimento alheio. Para irritar Gael e deixa-lo cada vez mais com \u00f3dio, Carmem diz que Elisa e Dami\u00e3o j\u00e1 est\u00e3o juntos e que eles se amam muito. <\/p>\n<p>No cap\u00edtulo 127 (*), novela \u201cAbismo da Paix\u00e3o\u201d, ter\u00e7a-feira, 20 de setembro \u2013 Ramiro entrega as passagens falsas a Almerinda. Elisa telefona para Lucio para informar lhe que est\u00e1 bem, portanto ele n\u00e3o precisa se preocupar. <\/p>\n<p>Gael est\u00e1 furioso e Carmem aproveita para lhe dizer que Elisa e Dami\u00e3o j\u00e1 est\u00e3o juntos e se amam muito.<\/p>\n<p>Elisa percebe que Dami\u00e3o est\u00e1 com muita febre e o medica. Elisa descobre que Flor\u00eancia nunca esteve gr\u00e1vida e que j\u00e1 assinou seu div\u00f3rcio com Dami\u00e3o. Dami\u00e3o entrega seu amuleto a Elisa, com muita paix\u00e3o.<\/p>\n<p>(*) edi\u00e7\u00e3o do SBT, Novela \u201cAbismo da Paix\u00e3o\u201d, sujeito a altera\u00e7\u00e3o de data e conte\u00fado.<\/p>\n","protected":false},"excerpt":{"rendered":"<p>Novela \u201cAbismo da Paix\u00e3o\u201d resumo 20\/09:\u00a0apoiado por Flor\u00eancia, Dami\u00e3o rouba Eliza e impede que ela se case com Gael. O noivo sofre e fica arrasado por n\u00e3o ter se casado com sua amiga de inf\u00e2ncia. Carmem comemora o sofrimento alheio. Para irritar Gael e deixa-lo cada vez mais com \u00f3dio, Carmem diz que Elisa e [&hellip;]<\/p>\n","protected":false},"author":4,"featured_media":81978,"comment_status":"open","ping_status":"closed","sticky":false,"template":"","format":"standard","meta":{"tdm_status":"","tdm_grid_status":"","footnotes":""},"categories":[379,372,343],"tags":[441],"class_list":{"0":"post-95566","1":"post","2":"type-post","3":"status-publish","4":"format-standard","5":"has-post-thumbnail","7":"category-novelas","8":"category-sbt","9":"category-televisao","10":"tag-resumo-do-dia"},"_links":{"self":[{"href":"https:\/\/migracao.redenoticia.com.br\/noticia\/wp-json\/wp\/v2\/posts\/95566","targetHints":{"allow":["GET"]}}],"collection":[{"href":"https:\/\/migracao.redenoticia.com.br\/noticia\/wp-json\/wp\/v2\/posts"}],"about":[{"href":"https:\/\/migracao.redenoticia.com.br\/noticia\/wp-json\/wp\/v2\/types\/post"}],"author":[{"embeddable":true,"href":"https:\/\/migracao.redenoticia.com.br\/noticia\/wp-json\/wp\/v2\/users\/4"}],"replies":[{"embeddable":true,"href":"https:\/\/migracao.redenoticia.com.br\/noticia\/wp-json\/wp\/v2\/comments?post=95566"}],"version-history":[{"count":0,"href":"https:\/\/migracao.redenoticia.com.br\/noticia\/wp-json\/wp\/v2\/posts\/95566\/revisions"}],"wp:featuredmedia":[{"embeddable":true,"href":"https:\/\/migracao.redenoticia.com.br\/noticia\/wp-json\/wp\/v2\/media\/81978"}],"wp:attachment":[{"href":"https:\/\/migracao.redenoticia.com.br\/noticia\/wp-json\/wp\/v2\/media?parent=95566"}],"wp:term":[{"taxonomy":"category","embeddable":true,"href":"https:\/\/migracao.redenoticia.com.br\/noticia\/wp-json\/wp\/v2\/categories?post=95566"},{"taxonomy":"post_tag","embeddable":true,"href":"https:\/\/migracao.redenoticia.com.br\/noticia\/wp-json\/wp\/v2\/tags?post=95566"}],"curies":[{"name":"wp","href":"https:\/\/api.w.org\/{rel}","templated":true}]}}