{"id":95568,"date":"2016-09-19T16:15:23","date_gmt":"2016-09-19T19:15:23","guid":{"rendered":"http:\/\/www.redenoticia.com.br\/noticia\/?p=95568"},"modified":"2016-09-19T16:18:01","modified_gmt":"2016-09-19T19:18:01","slug":"novela-mar-de-amor-resumo-2009-oriana-tambem-informa-que-logo-a-casa-para-anciaos-vai-estar-pronta","status":"publish","type":"post","link":"https:\/\/migracao.redenoticia.com.br\/noticia\/2016\/novela-mar-de-amor-resumo-2009-oriana-tambem-informa-que-logo-a-casa-para-anciaos-vai-estar-pronta\/95568","title":{"rendered":"Novela \u201cMar de Amor\u201d resumo 20\/09: Guilhermo ouve acusa\u00e7\u00e3o de Cacilda"},"content":{"rendered":"<p><img loading=\"lazy\" decoding=\"async\" class=\"alignleft size-thumbnail wp-image-86321\" src=\"https:\/\/migracao.redenoticia.com.br\/noticia\/imagens\/Mar_de_Amor_SBT_resumo_novela-150x112.jpg\" alt=\"Mar_de_Amor_SBT_resumo_novela\" width=\"150\" height=\"112\" srcset=\"https:\/\/migracao.redenoticia.com.br\/noticia\/imagens\/Mar_de_Amor_SBT_resumo_novela-150x112.jpg 150w, https:\/\/migracao.redenoticia.com.br\/noticia\/imagens\/Mar_de_Amor_SBT_resumo_novela-265x198.jpg 265w\" sizes=\"auto, (max-width: 150px) 100vw, 150px\" \/><strong><em>Novela \u201cMar de Amor\u201d resumo 20\/09<\/em><\/strong>:\u00a0Cacilda est\u00e1 convencida de que Guilhermo matou Hern\u00e1n, e de que ele vai deixar que Victor Manuel seja condenado por seu crime. Guilhermo ouve tudo e s\u00f3 se afasta de Cacilda, mas n\u00e3o se defende. Enfim, o dia do julgamento de Victor Manuel chega e todos que o amam est\u00e3o apreensivos. <\/p>\n<p>No cap\u00edtulo 092(*), novela \u201cMar de Amor\u201d, ter\u00e7a-feira, 20 de setembro \u2013 Cacilda est\u00e1 convencida de que Guilhermo matou Hern\u00e1n, e de que deixar\u00e1 que condenem Victor Manuel por seu crime. Guilhermo ouve tudo e s\u00f3 se afasta de Cacilda, mas n\u00e3o se defende.<\/p>\n<p>Moharidas e Tilico v\u00e3o comprar uma roupa para que Moharidas v\u00e1 ao julgamento de Victor Manuel. Moharidas se distrai e Tilico se perde, por\u00e9m \u00e9 por apenas um instante, pois logo o garoto avista o av\u00f4 e volta pra perto dele. Por fim, Estrela inaugura o hospital em Praia Escondida e promete a toda gente que logo ter\u00e3o uma escola e um restaurante. Oriana tamb\u00e9m informa que logo ter\u00e3o uma casa para anci\u00e3os.<\/p>\n<p>Leon e Coral est\u00e3o fazendo planos e brindam a poss\u00edvel vit\u00f3ria que ter\u00e3o com a condena\u00e7\u00e3o de Victor Manuel. Simona flerta com Leon. Chega o dia do julgamento de Victor Manuel e todos que o amam est\u00e3o apreensivos.<\/p>\n<p>(*) edi\u00e7\u00e3o do SBT, Novela \u201cMar de Amor\u201d, sujeito a altera\u00e7\u00e3o de data e conte\u00fado.<\/p>\n","protected":false},"excerpt":{"rendered":"<p>Novela \u201cMar de Amor\u201d resumo 20\/09:\u00a0Cacilda est\u00e1 convencida de que Guilhermo matou Hern\u00e1n, e de que ele vai deixar que Victor Manuel seja condenado por seu crime. Guilhermo ouve tudo e s\u00f3 se afasta de Cacilda, mas n\u00e3o se defende. Enfim, o dia do julgamento de Victor Manuel chega e todos que o amam est\u00e3o [&hellip;]<\/p>\n","protected":false},"author":4,"featured_media":86321,"comment_status":"open","ping_status":"closed","sticky":false,"template":"","format":"standard","meta":{"tdm_status":"","tdm_grid_status":"","footnotes":""},"categories":[379,372,343],"tags":[441],"class_list":{"0":"post-95568","1":"post","2":"type-post","3":"status-publish","4":"format-standard","5":"has-post-thumbnail","7":"category-novelas","8":"category-sbt","9":"category-televisao","10":"tag-resumo-do-dia"},"_links":{"self":[{"href":"https:\/\/migracao.redenoticia.com.br\/noticia\/wp-json\/wp\/v2\/posts\/95568","targetHints":{"allow":["GET"]}}],"collection":[{"href":"https:\/\/migracao.redenoticia.com.br\/noticia\/wp-json\/wp\/v2\/posts"}],"about":[{"href":"https:\/\/migracao.redenoticia.com.br\/noticia\/wp-json\/wp\/v2\/types\/post"}],"author":[{"embeddable":true,"href":"https:\/\/migracao.redenoticia.com.br\/noticia\/wp-json\/wp\/v2\/users\/4"}],"replies":[{"embeddable":true,"href":"https:\/\/migracao.redenoticia.com.br\/noticia\/wp-json\/wp\/v2\/comments?post=95568"}],"version-history":[{"count":0,"href":"https:\/\/migracao.redenoticia.com.br\/noticia\/wp-json\/wp\/v2\/posts\/95568\/revisions"}],"wp:featuredmedia":[{"embeddable":true,"href":"https:\/\/migracao.redenoticia.com.br\/noticia\/wp-json\/wp\/v2\/media\/86321"}],"wp:attachment":[{"href":"https:\/\/migracao.redenoticia.com.br\/noticia\/wp-json\/wp\/v2\/media?parent=95568"}],"wp:term":[{"taxonomy":"category","embeddable":true,"href":"https:\/\/migracao.redenoticia.com.br\/noticia\/wp-json\/wp\/v2\/categories?post=95568"},{"taxonomy":"post_tag","embeddable":true,"href":"https:\/\/migracao.redenoticia.com.br\/noticia\/wp-json\/wp\/v2\/tags?post=95568"}],"curies":[{"name":"wp","href":"https:\/\/api.w.org\/{rel}","templated":true}]}}