{"id":95571,"date":"2016-09-19T18:00:14","date_gmt":"2016-09-19T21:00:14","guid":{"rendered":"http:\/\/www.redenoticia.com.br\/noticia\/?p=95571"},"modified":"2016-09-19T16:33:15","modified_gmt":"2016-09-19T19:33:15","slug":"novela-cheias-de-charme-resumo-2009-rosario-e-demitida-e-decide-sair-em-busca-de-seu-verdadeiro-sonho","status":"publish","type":"post","link":"https:\/\/migracao.redenoticia.com.br\/noticia\/2016\/novela-cheias-de-charme-resumo-2009-rosario-e-demitida-e-decide-sair-em-busca-de-seu-verdadeiro-sonho\/95571","title":{"rendered":"Novela \u201cCheias de Charme\u201d resumo 20\/09: Penha \u00e9 entrevistada no programa de Gentil"},"content":{"rendered":"<p><img loading=\"lazy\" decoding=\"async\" class=\"alignleft size-thumbnail wp-image-95548\" src=\"https:\/\/migracao.redenoticia.com.br\/noticia\/imagens\/cheias-de-charme-novela-globo-internacional-resumo-proximo-capitulo-150x112.jpg\" alt=\"cheias-de-charme-novela-globo-internacional-resumo-proximo-capitulo\" width=\"150\" height=\"112\" \/><strong><em>Novela \u201cCheias de Charme\u201d resumo 20\/09<\/em><\/strong>: ap\u00f3s sair da pris\u00e3o, Penha quer uma explica\u00e7\u00e3o de Sandro sobre a documenta\u00e7\u00e3o do puxadinho. Depois, ela \u00e9 entrevistada no programa de Gentil. Tom Bastos a procura e tenta convenc\u00ea-la a retirar o processo contra Chayene. A cantora contrata o escrit\u00f3rio de Ernani Sarmento para defend\u00ea-la. Enquanto isso, Ros\u00e1rio \u00e9 demitida e decide sair em busca de seu verdadeiro sonho. Depois, ela diz a Cida que vai se candidatar \u00e0 vaga de empregada dom\u00e9stica de Chayene, pois quer se aproximar do meio art\u00edstico. <\/p>\n<p>No cap\u00edtulo 002(*), novela \u201cCheias de Charme\u201d, ter\u00e7a-feira, 20 de setembro \u2013 Ros\u00e1rio confunde In\u00e1cio com Fabian. Rodinei tenta reatar com Cida. Penha quer uma explica\u00e7\u00e3o de Sandro sobre a documenta\u00e7\u00e3o do \u201cpuxadinho\u201d. Penha \u00e9 entrevistada no programa de Gentil. Lygia contrata Socorro. In\u00e1cio consegue a vaga de motorista do buf\u00ea. Malaquias demite Ros\u00e1rio, que decide ir em busca de seu verdadeiro sonho.<\/p>\n<p>Sarmento fica admirado com a ambi\u00e7\u00e3o de Lygia. Rodinei mostra a Messias o anel que pretende dar de anivers\u00e1rio para a ex-namorada. Conrado esbarra com Cida no condom\u00ednio e a convida para sair. Tom Bastos procura Penha e tenta convenc\u00ea-la a retirar o processo contra Chayene. A cantora contrata o escrit\u00f3rio de Ernani Sarmento para defend\u00ea-la.<\/p>\n<p>Ros\u00e1rio diz a Cida que se candidatar\u00e1 \u00e0 vaga de empregada dom\u00e9stica de Chayene, pois quer se aproximar do meio art\u00edstico. La\u00e9rcio entrevista a cozinheira. Socorro reclama do trabalho na casa de Lygia para Naldo. Conrado e Cida se encontram. Ros\u00e1rio e In\u00e1cio chegam ao frigor\u00edfico e s\u00e3o rendidos por assaltantes. Penha flagra Sandro falando ao celular e suspeita de que seja uma amante.<\/p>\n<p>(*) edi\u00e7\u00e3o da Rede Globo, Novela \u201cCheias de Charme\u201d, sujeito a altera\u00e7\u00e3o de data e conte\u00fado.<\/p>\n","protected":false},"excerpt":{"rendered":"<p>Novela \u201cCheias de Charme\u201d resumo 20\/09: ap\u00f3s sair da pris\u00e3o, Penha quer uma explica\u00e7\u00e3o de Sandro sobre a documenta\u00e7\u00e3o do puxadinho. Depois, ela \u00e9 entrevistada no programa de Gentil. Tom Bastos a procura e tenta convenc\u00ea-la a retirar o processo contra Chayene. A cantora contrata o escrit\u00f3rio de Ernani Sarmento para defend\u00ea-la. Enquanto isso, Ros\u00e1rio [&hellip;]<\/p>\n","protected":false},"author":4,"featured_media":95548,"comment_status":"open","ping_status":"closed","sticky":false,"template":"","format":"standard","meta":{"tdm_status":"","tdm_grid_status":"","footnotes":""},"categories":[379,375,343],"tags":[441],"class_list":{"0":"post-95571","1":"post","2":"type-post","3":"status-publish","4":"format-standard","5":"has-post-thumbnail","7":"category-novelas","8":"category-rede-globo","9":"category-televisao","10":"tag-resumo-do-dia"},"_links":{"self":[{"href":"https:\/\/migracao.redenoticia.com.br\/noticia\/wp-json\/wp\/v2\/posts\/95571","targetHints":{"allow":["GET"]}}],"collection":[{"href":"https:\/\/migracao.redenoticia.com.br\/noticia\/wp-json\/wp\/v2\/posts"}],"about":[{"href":"https:\/\/migracao.redenoticia.com.br\/noticia\/wp-json\/wp\/v2\/types\/post"}],"author":[{"embeddable":true,"href":"https:\/\/migracao.redenoticia.com.br\/noticia\/wp-json\/wp\/v2\/users\/4"}],"replies":[{"embeddable":true,"href":"https:\/\/migracao.redenoticia.com.br\/noticia\/wp-json\/wp\/v2\/comments?post=95571"}],"version-history":[{"count":0,"href":"https:\/\/migracao.redenoticia.com.br\/noticia\/wp-json\/wp\/v2\/posts\/95571\/revisions"}],"wp:featuredmedia":[{"embeddable":true,"href":"https:\/\/migracao.redenoticia.com.br\/noticia\/wp-json\/wp\/v2\/media\/95548"}],"wp:attachment":[{"href":"https:\/\/migracao.redenoticia.com.br\/noticia\/wp-json\/wp\/v2\/media?parent=95571"}],"wp:term":[{"taxonomy":"category","embeddable":true,"href":"https:\/\/migracao.redenoticia.com.br\/noticia\/wp-json\/wp\/v2\/categories?post=95571"},{"taxonomy":"post_tag","embeddable":true,"href":"https:\/\/migracao.redenoticia.com.br\/noticia\/wp-json\/wp\/v2\/tags?post=95571"}],"curies":[{"name":"wp","href":"https:\/\/api.w.org\/{rel}","templated":true}]}}