{"id":95572,"date":"2016-09-19T19:56:03","date_gmt":"2016-09-19T22:56:03","guid":{"rendered":"http:\/\/www.redenoticia.com.br\/noticia\/?p=95572"},"modified":"2016-09-19T16:08:23","modified_gmt":"2016-09-19T19:08:23","slug":"novela-sila-resumo-2009-feride-consegue-um-emprego-na-empresa-de-abay","status":"publish","type":"post","link":"https:\/\/migracao.redenoticia.com.br\/noticia\/2016\/novela-sila-resumo-2009-feride-consegue-um-emprego-na-empresa-de-abay\/95572","title":{"rendered":"Novela \u201cSila\u201d resumo 20\/09: Feride consegue um emprego na empresa de Abay"},"content":{"rendered":"<p><img loading=\"lazy\" decoding=\"async\" class=\"alignleft size-thumbnail wp-image-83098\" src=\"https:\/\/migracao.redenoticia.com.br\/noticia\/imagens\/sila_band_novela_resumo_capitulo-150x112.jpg\" alt=\"sila_band_novela_resumo_capitulo\" width=\"150\" height=\"112\" srcset=\"https:\/\/migracao.redenoticia.com.br\/noticia\/imagens\/sila_band_novela_resumo_capitulo-150x112.jpg 150w, https:\/\/migracao.redenoticia.com.br\/noticia\/imagens\/sila_band_novela_resumo_capitulo-265x198.jpg 265w\" sizes=\"auto, (max-width: 150px) 100vw, 150px\" \/><strong><em> Novela \u201cSila\u201d resumo 20\/09<\/em><\/strong>: Feride diz a Narin que quer arrumar um emprego e conta que j\u00e1 confeccionou j\u00f3ias para a empresa do pai. Feride mostra um colar que ela fez e Narin diz que ela vai encontrar um trabalho com facilidade. Abay d\u00e1 uma j\u00f3ia para a filha de Narin, confeccionada em sua empresa. Narin comenta com Abay sobre o desejo de Feride e ele promete que vai ajud\u00e1-la. Feride consegue um emprego na empresa de Abay. No dia seguinte, Feride sai com Abay para o seu primeiro dia de trabalho.<\/p>\n<p>No capitulo 147 (*), novela \u201cSila\u201d, ter\u00e7a-feira, 20 de setembro &#8211; Berzan exige que Ceren se afaste do processo contra ele e amea\u00e7a matar Dilaver. Ap\u00f3s saber da morte do pai, Zeliha aponta uma arma para Berzan. Boran impede Zeliha de atirar em Berzan. Dilaver descobre que Ceren mudou o rumo do julgamento. Feride consegue um emprego na empresa de Abay. Ceren abandona Dilaver. Boran conta a Sila que a testemunha mudou o depoimento contra Berzan.<\/p>\n<p> Ayse desiste de se casar com Hussein. Celil \u00e9 seguido por um estranho. Feride sai com Abay para o seu primeiro dia de trabalho. Dilaver exige que Esma pe\u00e7a demiss\u00e3o da empresa, mas ela se nega. Esma sofre um acidente e vai para o hospital.<\/p>\n<p> Esma perde o beb\u00ea. A fam\u00edlia de Feride a v\u00ea com Abay e decide puni-la. Ayse diz a Sila que quer ir embora. Berzan segue Sila e Boran pela estrada. No entanto, Boran perde a paci\u00eancia e o confronta. Boran aponta sua arma para o vil\u00e3o.<\/p>\n<p>(*) edi\u00e7\u00e3o da Band, Novela \u201cSila\u201d, sujeito a altera\u00e7\u00e3o de data e conte\u00fado. <\/p>\n","protected":false},"excerpt":{"rendered":"<p>Novela \u201cSila\u201d resumo 20\/09: Feride diz a Narin que quer arrumar um emprego e conta que j\u00e1 confeccionou j\u00f3ias para a empresa do pai. Feride mostra um colar que ela fez e Narin diz que ela vai encontrar um trabalho com facilidade. Abay d\u00e1 uma j\u00f3ia para a filha de Narin, confeccionada em sua empresa. [&hellip;]<\/p>\n","protected":false},"author":2,"featured_media":83098,"comment_status":"open","ping_status":"closed","sticky":false,"template":"","format":"standard","meta":{"tdm_status":"","tdm_grid_status":"","footnotes":""},"categories":[390,379,343],"tags":[441],"class_list":{"0":"post-95572","1":"post","2":"type-post","3":"status-publish","4":"format-standard","5":"has-post-thumbnail","7":"category-band","8":"category-novelas","9":"category-televisao","10":"tag-resumo-do-dia"},"_links":{"self":[{"href":"https:\/\/migracao.redenoticia.com.br\/noticia\/wp-json\/wp\/v2\/posts\/95572","targetHints":{"allow":["GET"]}}],"collection":[{"href":"https:\/\/migracao.redenoticia.com.br\/noticia\/wp-json\/wp\/v2\/posts"}],"about":[{"href":"https:\/\/migracao.redenoticia.com.br\/noticia\/wp-json\/wp\/v2\/types\/post"}],"author":[{"embeddable":true,"href":"https:\/\/migracao.redenoticia.com.br\/noticia\/wp-json\/wp\/v2\/users\/2"}],"replies":[{"embeddable":true,"href":"https:\/\/migracao.redenoticia.com.br\/noticia\/wp-json\/wp\/v2\/comments?post=95572"}],"version-history":[{"count":0,"href":"https:\/\/migracao.redenoticia.com.br\/noticia\/wp-json\/wp\/v2\/posts\/95572\/revisions"}],"wp:featuredmedia":[{"embeddable":true,"href":"https:\/\/migracao.redenoticia.com.br\/noticia\/wp-json\/wp\/v2\/media\/83098"}],"wp:attachment":[{"href":"https:\/\/migracao.redenoticia.com.br\/noticia\/wp-json\/wp\/v2\/media?parent=95572"}],"wp:term":[{"taxonomy":"category","embeddable":true,"href":"https:\/\/migracao.redenoticia.com.br\/noticia\/wp-json\/wp\/v2\/categories?post=95572"},{"taxonomy":"post_tag","embeddable":true,"href":"https:\/\/migracao.redenoticia.com.br\/noticia\/wp-json\/wp\/v2\/tags?post=95572"}],"curies":[{"name":"wp","href":"https:\/\/api.w.org\/{rel}","templated":true}]}}