{"id":95577,"date":"2016-09-19T21:00:57","date_gmt":"2016-09-20T00:00:57","guid":{"rendered":"http:\/\/www.redenoticia.com.br\/noticia\/?p=95577"},"modified":"2016-09-19T16:54:32","modified_gmt":"2016-09-19T19:54:32","slug":"novela-velho-chico-resumo-2009-bento-afirma-a-queiroz-que-se-afastara-das-investigacoes","status":"publish","type":"post","link":"https:\/\/migracao.redenoticia.com.br\/noticia\/2016\/novela-velho-chico-resumo-2009-bento-afirma-a-queiroz-que-se-afastara-das-investigacoes\/95577","title":{"rendered":"Novela \u201cVelho Chico\u201d resumo 20\/09: Encarna\u00e7\u00e3o deixa seu patrim\u00f4nio para o bisneto"},"content":{"rendered":"<p><img loading=\"lazy\" decoding=\"async\" class=\"alignleft size-thumbnail wp-image-82169\" src=\"https:\/\/migracao.redenoticia.com.br\/noticia\/imagens\/velho_chico_novela_resumo_globo-150x112.jpg\" alt=\"velho_chico_novela_resumo_globo\" width=\"150\" height=\"112\" srcset=\"https:\/\/migracao.redenoticia.com.br\/noticia\/imagens\/velho_chico_novela_resumo_globo-150x112.jpg 150w, https:\/\/migracao.redenoticia.com.br\/noticia\/imagens\/velho_chico_novela_resumo_globo-265x198.jpg 265w\" sizes=\"auto, (max-width: 150px) 100vw, 150px\" \/><strong><em>Novela \u201cVelho Chico\u201d resumo 20\/09<\/em><\/strong>: ap\u00f3s a morte de Encarna\u00e7\u00e3o, o advogado convoca todos da fam\u00edlia para ler o testamento. Ela deixa seu patrim\u00f4nio para o bisneto. S\u00f3 que Carlos Eduardo desafia Miguel, em uma briga de rua, a recuperar o solo das terras que herdou. Sem saber que o mau-car\u00e1ter est\u00e1 lhe empurrando uma \u00e1rea conhecida como cemit\u00e9rio de sal, improdutiva, o agr\u00f4nomo aceita.<\/p>\n<p>No cap\u00edtulo 164(*), novela \u201cVelho Chico\u201d, ter\u00e7a-feira, 20 de setembro \u2013 Bento \u00e9 preso e Beatriz culpa Luzia. Bento se recusa a falar sobre o dossi\u00ea com Santo.<\/p>\n<p>O advogado de Encarna\u00e7\u00e3o pede para conversar com a fam\u00edlia dela. Santo confidencia a Beatriz que ir\u00e1 procurar por Martim. Bento afirma a Queiroz que se afastar\u00e1 das investiga\u00e7\u00f5es.<\/p>\n<p>Iolanda deixa a mans\u00e3o dos de S\u00e1 Ribeiro. Piedade confronta Afr\u00e2nio.<\/p>\n<p>(*) edi\u00e7\u00e3o da Rede Globo, Novela \u201cVelho Chico\u201d, sujeito a altera\u00e7\u00e3o de data e conte\u00fado.<\/p>\n","protected":false},"excerpt":{"rendered":"<p>Novela \u201cVelho Chico\u201d resumo 20\/09: ap\u00f3s a morte de Encarna\u00e7\u00e3o, o advogado convoca todos da fam\u00edlia para ler o testamento. Ela deixa seu patrim\u00f4nio para o bisneto. S\u00f3 que Carlos Eduardo desafia Miguel, em uma briga de rua, a recuperar o solo das terras que herdou. Sem saber que o mau-car\u00e1ter est\u00e1 lhe empurrando uma [&hellip;]<\/p>\n","protected":false},"author":4,"featured_media":82169,"comment_status":"open","ping_status":"closed","sticky":false,"template":"","format":"standard","meta":{"tdm_status":"","tdm_grid_status":"","footnotes":""},"categories":[379,375,343],"tags":[441],"class_list":{"0":"post-95577","1":"post","2":"type-post","3":"status-publish","4":"format-standard","5":"has-post-thumbnail","7":"category-novelas","8":"category-rede-globo","9":"category-televisao","10":"tag-resumo-do-dia"},"_links":{"self":[{"href":"https:\/\/migracao.redenoticia.com.br\/noticia\/wp-json\/wp\/v2\/posts\/95577","targetHints":{"allow":["GET"]}}],"collection":[{"href":"https:\/\/migracao.redenoticia.com.br\/noticia\/wp-json\/wp\/v2\/posts"}],"about":[{"href":"https:\/\/migracao.redenoticia.com.br\/noticia\/wp-json\/wp\/v2\/types\/post"}],"author":[{"embeddable":true,"href":"https:\/\/migracao.redenoticia.com.br\/noticia\/wp-json\/wp\/v2\/users\/4"}],"replies":[{"embeddable":true,"href":"https:\/\/migracao.redenoticia.com.br\/noticia\/wp-json\/wp\/v2\/comments?post=95577"}],"version-history":[{"count":0,"href":"https:\/\/migracao.redenoticia.com.br\/noticia\/wp-json\/wp\/v2\/posts\/95577\/revisions"}],"wp:featuredmedia":[{"embeddable":true,"href":"https:\/\/migracao.redenoticia.com.br\/noticia\/wp-json\/wp\/v2\/media\/82169"}],"wp:attachment":[{"href":"https:\/\/migracao.redenoticia.com.br\/noticia\/wp-json\/wp\/v2\/media?parent=95577"}],"wp:term":[{"taxonomy":"category","embeddable":true,"href":"https:\/\/migracao.redenoticia.com.br\/noticia\/wp-json\/wp\/v2\/categories?post=95577"},{"taxonomy":"post_tag","embeddable":true,"href":"https:\/\/migracao.redenoticia.com.br\/noticia\/wp-json\/wp\/v2\/tags?post=95577"}],"curies":[{"name":"wp","href":"https:\/\/api.w.org\/{rel}","templated":true}]}}