{"id":9558,"date":"2009-08-24T13:27:36","date_gmt":"2009-08-24T17:27:36","guid":{"rendered":"http:\/\/www.redenoticia.com.br\/noticia\/?p=9558"},"modified":"2009-08-24T13:27:36","modified_gmt":"2009-08-24T17:27:36","slug":"provet-alerta-para-os-perigos-do-cigarro-para-bichinhos-de-estimacao","status":"publish","type":"post","link":"https:\/\/migracao.redenoticia.com.br\/noticia\/2009\/provet-alerta-para-os-perigos-do-cigarro-para-bichinhos-de-estimacao\/9558","title":{"rendered":"Provet alerta para os perigos do cigarro para bichinhos de estima\u00e7\u00e3o"},"content":{"rendered":"<p>Conviver com quem fuma pode trazer s\u00e9rias consequ\u00eancias aos n\u00e3o fumantes. Mas n\u00e3o somos os \u00fanicos a sofrer como fumantes passivos. Pesquisas comprovam que os animais de estima\u00e7\u00e3o que convivem com quem fuma tamb\u00e9m podem desenvolver doen\u00e7as respirat\u00f3rias e pulmonares. Muitas vezes essas doen\u00e7as podem levar o animal \u00e0 morte sem ao menos serem diagnosticadas.<\/p>\n<p>\u201cAs doen\u00e7as respirat\u00f3rias e pulmonares n\u00e3o t\u00eam sintomas aparentes de imediato, e muitas vezes s\u00e3o detectadas apenas quando j\u00e1 est\u00e3o em estado avan\u00e7ado\u201d, alerta o veterin\u00e1rio Carlo Grieco,\u00a0diretor do Centro de Medicina Veterin\u00e1ria Diagn\u00f3stica Provet. Grieco garante que a \u00fanica maneira de detectar a doen\u00e7a em seu est\u00e1gio inicial, quando os tratamentos s\u00e3o mais eficazes, \u00e9 por meio de exames detalhados.<\/p>\n<p>\u201cAnimais que ficam muito pr\u00f3ximos a seus donos fumantes, principalmente os de pequeno porte, precisam passar por check ups anuais que detectam esse tipo de problema e possibilitam o tratamento precoce\u201d, explica Grieco. O veterin\u00e1rio explica que com uma radiografia digital de t\u00f3rax, por exemplo, \u00e9 poss\u00edvel ver com clareza os pulm\u00f5es do bicho. O exame oferecido pelo Provet permite identificar corpos estranhos, altera\u00e7\u00f5es e l\u00edquidos na cavidade pulmonar.<\/p>\n<p>Um dos efeitos da fuma\u00e7a nos animais de estima\u00e7\u00e3o \u00e9 a antracose, uma les\u00e3o pulmonar formada a partir de poluentes do cigarro, que pode virar c\u00e2ncer pulmonar. Outra enfermidade grave causada pelo cigarro \u00e9 o linfoma felino, doen\u00e7a considerada a AIDS dos gatos, que acaba com as defesas naturais dos bichinhos, podendo lev\u00e1-los \u00e0 morte.<\/p>\n<p><strong>Sobre o Provet<\/strong><\/p>\n<p>O Provet \u2013 Medicina Veterin\u00e1ria Diagn\u00f3stica foi fundado em 1987. Foi criado com o prop\u00f3sito de oferecer diversos servi\u00e7os diferenciados, em um mesmo espa\u00e7o f\u00edsico, voltados para o diagn\u00f3stico e algumas especialidades cl\u00ednicas, destacando-se o atendimento, exclusivamente por solicita\u00e7\u00e3o de um cl\u00ednico respons\u00e1vel.<\/p>\n<p>Hoje, o instituto conta com tr\u00eas unidades de atendimento em S\u00e3o Paulo, e al\u00e9m de atuar\u00a0nas v\u00e1rias \u00e1reas de especialidades.<\/p>\n","protected":false},"excerpt":{"rendered":"<p>Conviver com quem fuma pode trazer s\u00e9rias consequ\u00eancias aos n\u00e3o fumantes. Mas n\u00e3o somos os \u00fanicos a sofrer como fumantes passivos. Pesquisas comprovam que os animais de estima\u00e7\u00e3o que convivem com quem fuma tamb\u00e9m podem desenvolver doen\u00e7as respirat\u00f3rias e pulmonares. Muitas vezes essas doen\u00e7as podem levar o animal \u00e0 morte sem ao menos serem diagnosticadas. [&hellip;]<\/p>\n","protected":false},"author":2,"featured_media":0,"comment_status":"open","ping_status":"open","sticky":false,"template":"","format":"standard","meta":{"tdm_status":"","tdm_grid_status":"","footnotes":""},"categories":[22,5],"tags":[],"class_list":{"0":"post-9558","1":"post","2":"type-post","3":"status-publish","4":"format-standard","6":"category-brasil","7":"category-saude-e-vida"},"_links":{"self":[{"href":"https:\/\/migracao.redenoticia.com.br\/noticia\/wp-json\/wp\/v2\/posts\/9558","targetHints":{"allow":["GET"]}}],"collection":[{"href":"https:\/\/migracao.redenoticia.com.br\/noticia\/wp-json\/wp\/v2\/posts"}],"about":[{"href":"https:\/\/migracao.redenoticia.com.br\/noticia\/wp-json\/wp\/v2\/types\/post"}],"author":[{"embeddable":true,"href":"https:\/\/migracao.redenoticia.com.br\/noticia\/wp-json\/wp\/v2\/users\/2"}],"replies":[{"embeddable":true,"href":"https:\/\/migracao.redenoticia.com.br\/noticia\/wp-json\/wp\/v2\/comments?post=9558"}],"version-history":[{"count":0,"href":"https:\/\/migracao.redenoticia.com.br\/noticia\/wp-json\/wp\/v2\/posts\/9558\/revisions"}],"wp:attachment":[{"href":"https:\/\/migracao.redenoticia.com.br\/noticia\/wp-json\/wp\/v2\/media?parent=9558"}],"wp:term":[{"taxonomy":"category","embeddable":true,"href":"https:\/\/migracao.redenoticia.com.br\/noticia\/wp-json\/wp\/v2\/categories?post=9558"},{"taxonomy":"post_tag","embeddable":true,"href":"https:\/\/migracao.redenoticia.com.br\/noticia\/wp-json\/wp\/v2\/tags?post=9558"}],"curies":[{"name":"wp","href":"https:\/\/api.w.org\/{rel}","templated":true}]}}