{"id":95581,"date":"2016-09-19T18:10:09","date_gmt":"2016-09-19T21:10:09","guid":{"rendered":"http:\/\/www.redenoticia.com.br\/noticia\/?p=95581"},"modified":"2016-09-19T16:36:11","modified_gmt":"2016-09-19T19:36:11","slug":"novela-sol-nascente-resumo-2009-alice-sai-com-mario-para-dancar-e-carolina-os-observa","status":"publish","type":"post","link":"https:\/\/migracao.redenoticia.com.br\/noticia\/2016\/novela-sol-nascente-resumo-2009-alice-sai-com-mario-para-dancar-e-carolina-os-observa\/95581","title":{"rendered":"Novela \u201cSol Nascente\u201d resumo 20\/09: Alice dan\u00e7a com Mario"},"content":{"rendered":"<p><img loading=\"lazy\" decoding=\"async\" class=\"alignleft size-thumbnail wp-image-91714\" src=\"https:\/\/migracao.redenoticia.com.br\/noticia\/imagens\/sol_nascente_resumo_novela_globo-150x112.jpg\" alt=\"sol_nascente_resumo_novela_globo\" width=\"150\" height=\"112\" srcset=\"https:\/\/migracao.redenoticia.com.br\/noticia\/imagens\/sol_nascente_resumo_novela_globo-150x112.jpg 150w, https:\/\/migracao.redenoticia.com.br\/noticia\/imagens\/sol_nascente_resumo_novela_globo-265x198.jpg 265w\" sizes=\"auto, (max-width: 150px) 100vw, 150px\" \/><strong><em>Novela \u201cSol Nascente\u201d resumo 20\/09<\/em><\/strong>: ap\u00f3s uma conversa com o pai, Alice decide sair para comandar a pesca, coisa que n\u00e3o faz h\u00e1 muito tempo. O problema \u00e9 que no meio dos trabalhos o vento muda, o mar se agita e o pior acontece: o motor do barco quebra. Como a pane \u00e9 geral, a equipe da embarca\u00e7\u00e3o n\u00e3o consegue nem ao menos pedir socorro para a guarda costeira. Enquanto Alice come\u00e7a a ficar agoniada, os pescadores j\u00e1 se alarmam e alguns come\u00e7am a se benzer. Em terra, Mario sente uma pontada. Depois de saber por\u00a0Hir\u00f4 que Alice est\u00e1 em alto-mar, o mec\u00e2nico pega emprestado o barco das pescadoras e parte ao encontro de Alice. Mario consegue resgatar Alice e Wagner. Mais tarde, Alice sai com Mario para dan\u00e7ar e Carolina os observa.<\/p>\n<p>No cap\u00edtulo 019(*), novela \u201cSol Nascente\u201d, ter\u00e7a-feira, 20 de setembro \u2013 Ralf ajuda Carolina, que o confunde com Mario. Mario resgata Alice e Wagner. Tanaka conhece Bernardo.<\/p>\n<p>Mario conversa com Chica sobre o suposto perigo que amea\u00e7a Alice. Milena discute com Vittorio, que a pro\u00edbe de sair de casa. Cesar \u00e9 rude com o motorista de t\u00e1xi e acaba abandonado no meio da estrada.<\/p>\n<p>Gaetano e Geppina aconselham Vittorio a se desculpar com Milena. Alice sai com Mario para dan\u00e7ar, e Carolina os observa. Carolina descobre que confundiu Ralf com Mario. Cesar chega \u00e0 fazenda de Sinh\u00e1.<\/p>\n<p>(*) edi\u00e7\u00e3o da Rede Globo, Novela \u201cSol Nascente\u201d, sujeito a altera\u00e7\u00e3o de data e conte\u00fado.<\/p>\n","protected":false},"excerpt":{"rendered":"<p>Novela \u201cSol Nascente\u201d resumo 20\/09: ap\u00f3s uma conversa com o pai, Alice decide sair para comandar a pesca, coisa que n\u00e3o faz h\u00e1 muito tempo. O problema \u00e9 que no meio dos trabalhos o vento muda, o mar se agita e o pior acontece: o motor do barco quebra. Como a pane \u00e9 geral, a [&hellip;]<\/p>\n","protected":false},"author":4,"featured_media":91714,"comment_status":"open","ping_status":"closed","sticky":false,"template":"","format":"standard","meta":{"tdm_status":"","tdm_grid_status":"","footnotes":""},"categories":[379,375,343],"tags":[441],"class_list":{"0":"post-95581","1":"post","2":"type-post","3":"status-publish","4":"format-standard","5":"has-post-thumbnail","7":"category-novelas","8":"category-rede-globo","9":"category-televisao","10":"tag-resumo-do-dia"},"_links":{"self":[{"href":"https:\/\/migracao.redenoticia.com.br\/noticia\/wp-json\/wp\/v2\/posts\/95581","targetHints":{"allow":["GET"]}}],"collection":[{"href":"https:\/\/migracao.redenoticia.com.br\/noticia\/wp-json\/wp\/v2\/posts"}],"about":[{"href":"https:\/\/migracao.redenoticia.com.br\/noticia\/wp-json\/wp\/v2\/types\/post"}],"author":[{"embeddable":true,"href":"https:\/\/migracao.redenoticia.com.br\/noticia\/wp-json\/wp\/v2\/users\/4"}],"replies":[{"embeddable":true,"href":"https:\/\/migracao.redenoticia.com.br\/noticia\/wp-json\/wp\/v2\/comments?post=95581"}],"version-history":[{"count":0,"href":"https:\/\/migracao.redenoticia.com.br\/noticia\/wp-json\/wp\/v2\/posts\/95581\/revisions"}],"wp:featuredmedia":[{"embeddable":true,"href":"https:\/\/migracao.redenoticia.com.br\/noticia\/wp-json\/wp\/v2\/media\/91714"}],"wp:attachment":[{"href":"https:\/\/migracao.redenoticia.com.br\/noticia\/wp-json\/wp\/v2\/media?parent=95581"}],"wp:term":[{"taxonomy":"category","embeddable":true,"href":"https:\/\/migracao.redenoticia.com.br\/noticia\/wp-json\/wp\/v2\/categories?post=95581"},{"taxonomy":"post_tag","embeddable":true,"href":"https:\/\/migracao.redenoticia.com.br\/noticia\/wp-json\/wp\/v2\/tags?post=95581"}],"curies":[{"name":"wp","href":"https:\/\/api.w.org\/{rel}","templated":true}]}}