{"id":95583,"date":"2016-09-19T17:50:50","date_gmt":"2016-09-19T20:50:50","guid":{"rendered":"http:\/\/www.redenoticia.com.br\/noticia\/?p=95583"},"modified":"2016-09-19T16:05:13","modified_gmt":"2016-09-19T19:05:13","slug":"novela-malhacao-resumo-2009-ricardo-decide-manter-o-emprego-de-lucas","status":"publish","type":"post","link":"https:\/\/migracao.redenoticia.com.br\/noticia\/2016\/novela-malhacao-resumo-2009-ricardo-decide-manter-o-emprego-de-lucas\/95583","title":{"rendered":"Novela \u201cMalha\u00e7\u00e3o\u201d resumo 20\/09: Ricardo decide manter o emprego de Lucas"},"content":{"rendered":"<p><img loading=\"lazy\" decoding=\"async\" class=\"alignleft size-thumbnail wp-image-91715\" src=\"https:\/\/migracao.redenoticia.com.br\/noticia\/imagens\/malhacao_pro_dia_nascer_feliz_resumo_novela-150x112.jpg\" alt=\"malhacao_pro_dia_nascer_feliz_resumo_novela\" width=\"150\" height=\"112\" srcset=\"https:\/\/migracao.redenoticia.com.br\/noticia\/imagens\/malhacao_pro_dia_nascer_feliz_resumo_novela-150x112.jpg 150w, https:\/\/migracao.redenoticia.com.br\/noticia\/imagens\/malhacao_pro_dia_nascer_feliz_resumo_novela-265x198.jpg 265w\" sizes=\"auto, (max-width: 150px) 100vw, 150px\" \/><strong><em>Novela \u201cMalha\u00e7\u00e3o\u201d resumo 20\/09<\/em><\/strong>: Juliana d\u00e1 um jeito de ficar mais pr\u00f3xima de Lucas. Os dois grafitam juntinhos, mas a galera logo chega pra perturbar o casal. Jab\u00e1 repara o clima entre Ju e Lucas e d\u00e1 um jeito de tirar a ruiva dali. Depois, Juliana incita Lucas a grafitar a parede da academia. Mais tarde, Ricardo amea\u00e7a demitir Lucas, que repreende Juliana. A garota confessa para B\u00e1rbara que a ideia do grafite foi dela e pede que a irm\u00e3 impe\u00e7a a demiss\u00e3o de Lucas. Joana consegue provar que o grafite de Lucas \u00e9 um sucesso entre os clientes da academia. Ricardo decide manter o emprego de Lucas.<\/p>\n<p>No cap\u00edtulo 022(*), novela \u201cMalha\u00e7\u00e3o\u201d, ter\u00e7a-feira, 20 de setembro \u2013 Nanda aceita ser amiga de R\u00f4mulo. Juliana confessa para B\u00e1rbara que a ideia do grafite foi dela e pede que a irm\u00e3 impe\u00e7a a demiss\u00e3o de Lucas.<\/p>\n<p>Joana consegue provar que o grafite de Lucas \u00e9 um sucesso entre os clientes da academia. Ricardo decide manter o emprego de Lucas. Tita questiona B\u00e1rbara sobre o pai de Joana.<\/p>\n<p>Jorj\u00e3o sente ci\u00fames de Irene com Belloto. Caio desconfia quando Joana n\u00e3o aceita deixar a Forma por um emprego melhor. Nanda gosta de lutar com R\u00f4mulo. T\u00e2nia aconselha Joana a confrontar Ricardo e Caio.<\/p>\n<p>(*) edi\u00e7\u00e3o da Rede Globo, Novela \u201cMalha\u00e7\u00e3o\u201d, sujeito a altera\u00e7\u00e3o de data e conte\u00fado.<\/p>\n","protected":false},"excerpt":{"rendered":"<p>Novela \u201cMalha\u00e7\u00e3o\u201d resumo 20\/09: Juliana d\u00e1 um jeito de ficar mais pr\u00f3xima de Lucas. Os dois grafitam juntinhos, mas a galera logo chega pra perturbar o casal. Jab\u00e1 repara o clima entre Ju e Lucas e d\u00e1 um jeito de tirar a ruiva dali. Depois, Juliana incita Lucas a grafitar a parede da academia. Mais [&hellip;]<\/p>\n","protected":false},"author":4,"featured_media":91715,"comment_status":"open","ping_status":"closed","sticky":false,"template":"","format":"standard","meta":{"tdm_status":"","tdm_grid_status":"","footnotes":""},"categories":[447,379,375,343],"tags":[441],"class_list":{"0":"post-95583","1":"post","2":"type-post","3":"status-publish","4":"format-standard","5":"has-post-thumbnail","7":"category-malhacao","8":"category-novelas","9":"category-rede-globo","10":"category-televisao","11":"tag-resumo-do-dia"},"_links":{"self":[{"href":"https:\/\/migracao.redenoticia.com.br\/noticia\/wp-json\/wp\/v2\/posts\/95583","targetHints":{"allow":["GET"]}}],"collection":[{"href":"https:\/\/migracao.redenoticia.com.br\/noticia\/wp-json\/wp\/v2\/posts"}],"about":[{"href":"https:\/\/migracao.redenoticia.com.br\/noticia\/wp-json\/wp\/v2\/types\/post"}],"author":[{"embeddable":true,"href":"https:\/\/migracao.redenoticia.com.br\/noticia\/wp-json\/wp\/v2\/users\/4"}],"replies":[{"embeddable":true,"href":"https:\/\/migracao.redenoticia.com.br\/noticia\/wp-json\/wp\/v2\/comments?post=95583"}],"version-history":[{"count":0,"href":"https:\/\/migracao.redenoticia.com.br\/noticia\/wp-json\/wp\/v2\/posts\/95583\/revisions"}],"wp:featuredmedia":[{"embeddable":true,"href":"https:\/\/migracao.redenoticia.com.br\/noticia\/wp-json\/wp\/v2\/media\/91715"}],"wp:attachment":[{"href":"https:\/\/migracao.redenoticia.com.br\/noticia\/wp-json\/wp\/v2\/media?parent=95583"}],"wp:term":[{"taxonomy":"category","embeddable":true,"href":"https:\/\/migracao.redenoticia.com.br\/noticia\/wp-json\/wp\/v2\/categories?post=95583"},{"taxonomy":"post_tag","embeddable":true,"href":"https:\/\/migracao.redenoticia.com.br\/noticia\/wp-json\/wp\/v2\/tags?post=95583"}],"curies":[{"name":"wp","href":"https:\/\/api.w.org\/{rel}","templated":true}]}}