{"id":95630,"date":"2016-09-20T06:03:45","date_gmt":"2016-09-20T09:03:45","guid":{"rendered":"http:\/\/www.redenoticia.com.br\/noticia\/?p=95630"},"modified":"2016-09-19T18:54:40","modified_gmt":"2016-09-19T21:54:40","slug":"butantan-anuncia-testes-clinicos-de-vacina-contra-dengue-em-mais-4-cidades","status":"publish","type":"post","link":"https:\/\/migracao.redenoticia.com.br\/noticia\/2016\/butantan-anuncia-testes-clinicos-de-vacina-contra-dengue-em-mais-4-cidades\/95630","title":{"rendered":"Butantan anuncia testes cl\u00ednicos de vacina contra dengue em mais 4 cidades"},"content":{"rendered":"<p> Mais quatro estados brasileiros come\u00e7aram a testar a terceira e \u00faltima etapa da <strong><em>vacina da dengue<\/em><\/strong>, que est\u00e1 sendo desenvolvida pelo Instituto Butantan. Os ensaios cl\u00ednicos come\u00e7ar\u00e3o no dia 5 de outubro em Bras\u00edlia e Cuiab\u00e1 e, no dia 19, no Recife e em Belo Horizonte. At\u00e9 este momento, os testes envolvem 17 mil volunt\u00e1rios em 13 cidades brasileiras.<\/p>\n<p>\u201cHoje estamos enfrentando este grande desafio. S\u00e3o anos de estudo. \u00c9 a \u00faltima fase da primeira vacina do mundo tetravalente com dose \u00fanica e contra quatro tipos de v\u00edrus, com alt\u00edssimo \u00edndice de prote\u00e7\u00e3o. Estamos muito otimistas\u201d, disse o governador de S\u00e3o Paulo, Geraldo Alckmin, durante uma reuni\u00e3o entre pesquisadores do Instituto Butantan e de 14 centros de pesquisa de todo o pa\u00eds que est\u00e3o conduzindo os ensaios cl\u00ednicos da vacina contra a dengue.<\/p>\n<p>Essa etapa da pesquisa servir\u00e1 para comprovar a efic\u00e1cia da vacina. Do total de volunt\u00e1rios, dois ter\u00e7os receber\u00e3o a vacina e um ter\u00e7o, receber\u00e1 placebo, que \u00e9 uma subst\u00e2ncia com as mesmas caracter\u00edsticas da vacina, mas sem os v\u00edrus, ou seja, sem efeito. Ningu\u00e9m \u2013 nem a equipe m\u00e9dica, nem o volunt\u00e1rio \u2013 saber\u00e3o quem receber\u00e1 a vacina e quem receber\u00e1 o placebo. O objetivo disso \u00e9 descobrir, a partir dos exames que ser\u00e3o coletados desses volunt\u00e1rios, se quem tomou a vacina ficou protegido e se quem tomou o placebo contraiu a doen\u00e7a.<\/p>\n<p>Os volunt\u00e1rios s\u00e3o pessoas saud\u00e1veis, que j\u00e1 tiveram, ou n\u00e3o, dengue em algum momento da vida e que se enquadrem em tr\u00eas faixas et\u00e1rias: 2 a 6 anos, 7 a 17 anos e 18 a 59 anos. Durante cinco anos, eles ser\u00e3o acompanhados por uma equipe m\u00e9dica para verificar a efic\u00e1cia da prote\u00e7\u00e3o oferecida pela vacina.<\/p>\n<p>Ofensiva contra o Aedes aegypti<\/p>\n<p>O governo paulista tamb\u00e9m anunciou uma nova ofensiva em todo o estado para evitar o avan\u00e7o do mosquito Aedes aegypti, transmissor da dengue, chikungunya e zika v\u00edrus, no pr\u00f3ximo ver\u00e3o.<\/p>\n<p>Chamada de Todos Juntos Contra o Aedes aegypti, a campanha contar\u00e1 com a participa\u00e7\u00e3o de 20 mil agentes municipais e estaduais, al\u00e9m de mais 30,2 mil profissionais fazendo atividades extras aos s\u00e1bados, visitando im\u00f3veis p\u00fablicos, privados e baldios e removendo criadouros.<\/p>\n<p>\u201cResolvemos dar continuidade ao mutir\u00e3o, primeiro, contratando os volunt\u00e1rios que trabalhar\u00e3o aos s\u00e1bados, com uma remunera\u00e7\u00e3o de R$ 120 por s\u00e1bado trabalhado. Ser\u00e3o mais de 30 mil volunt\u00e1rios\u201d, disse o secret\u00e1rio estadual da Sa\u00fade, David Uip. \u201cA segunda a\u00e7\u00e3o \u00e9 a busca por res\u00edduos de pneus. S\u00e3o mais de 300 munic\u00edpios envolvidos, e vamos em busca desses pneus, que s\u00e3o os principais redutos de mosquitos.\u201d<\/p>\n<p>Segundo Uip, de 1\u00ba de janeiro a 31 de agosto deste ano, o n\u00famero de casos de dengue em todo o estado caiu 77%, na compara\u00e7\u00e3o com o mesmo per\u00edodo do ano passado, passando de 675.129 em 2015 para 154.180 casos da doen\u00e7a neste ano. Tamb\u00e9m houve queda de 84% no n\u00famero de \u00f3bitos por dengue, que passaram de 482 entre janeiro e agosto do ano passado para 77 este ano.<\/p>\n<p>Elaine Patricia Cruz \u2013 Rep\u00f3rter da Ag\u00eancia Brasil<br \/>\nEdi\u00e7\u00e3o: N\u00e1dia Franco<br \/>\n20\/09\/2016<\/p>\n","protected":false},"excerpt":{"rendered":"<p>Mais quatro estados brasileiros come\u00e7aram a testar a terceira e \u00faltima etapa da vacina da dengue, que est\u00e1 sendo desenvolvida pelo Instituto Butantan. Os ensaios cl\u00ednicos come\u00e7ar\u00e3o no dia 5 de outubro em Bras\u00edlia e Cuiab\u00e1 e, no dia 19, no Recife e em Belo Horizonte. At\u00e9 este momento, os testes envolvem 17 mil volunt\u00e1rios [&hellip;]<\/p>\n","protected":false},"author":2,"featured_media":40847,"comment_status":"open","ping_status":"closed","sticky":false,"template":"","format":"standard","meta":{"tdm_status":"","tdm_grid_status":"","footnotes":""},"categories":[22,5],"tags":[],"class_list":{"0":"post-95630","1":"post","2":"type-post","3":"status-publish","4":"format-standard","5":"has-post-thumbnail","7":"category-brasil","8":"category-saude-e-vida"},"_links":{"self":[{"href":"https:\/\/migracao.redenoticia.com.br\/noticia\/wp-json\/wp\/v2\/posts\/95630","targetHints":{"allow":["GET"]}}],"collection":[{"href":"https:\/\/migracao.redenoticia.com.br\/noticia\/wp-json\/wp\/v2\/posts"}],"about":[{"href":"https:\/\/migracao.redenoticia.com.br\/noticia\/wp-json\/wp\/v2\/types\/post"}],"author":[{"embeddable":true,"href":"https:\/\/migracao.redenoticia.com.br\/noticia\/wp-json\/wp\/v2\/users\/2"}],"replies":[{"embeddable":true,"href":"https:\/\/migracao.redenoticia.com.br\/noticia\/wp-json\/wp\/v2\/comments?post=95630"}],"version-history":[{"count":0,"href":"https:\/\/migracao.redenoticia.com.br\/noticia\/wp-json\/wp\/v2\/posts\/95630\/revisions"}],"wp:featuredmedia":[{"embeddable":true,"href":"https:\/\/migracao.redenoticia.com.br\/noticia\/wp-json\/wp\/v2\/media\/40847"}],"wp:attachment":[{"href":"https:\/\/migracao.redenoticia.com.br\/noticia\/wp-json\/wp\/v2\/media?parent=95630"}],"wp:term":[{"taxonomy":"category","embeddable":true,"href":"https:\/\/migracao.redenoticia.com.br\/noticia\/wp-json\/wp\/v2\/categories?post=95630"},{"taxonomy":"post_tag","embeddable":true,"href":"https:\/\/migracao.redenoticia.com.br\/noticia\/wp-json\/wp\/v2\/tags?post=95630"}],"curies":[{"name":"wp","href":"https:\/\/api.w.org\/{rel}","templated":true}]}}