{"id":95665,"date":"2016-09-20T21:00:11","date_gmt":"2016-09-21T00:00:11","guid":{"rendered":"http:\/\/www.redenoticia.com.br\/noticia\/?p=95665"},"modified":"2016-09-20T16:54:18","modified_gmt":"2016-09-20T19:54:18","slug":"novela-velho-chico-resumo-2109-dalva-decide-deixar-a-mansao","status":"publish","type":"post","link":"https:\/\/migracao.redenoticia.com.br\/noticia\/2016\/novela-velho-chico-resumo-2109-dalva-decide-deixar-a-mansao\/95665","title":{"rendered":"Novela \u201cVelho Chico\u201d resumo 21\/09: Santo leva as fotos tiradas por Martim para Bento"},"content":{"rendered":"<p><img loading=\"lazy\" decoding=\"async\" class=\"alignleft size-thumbnail wp-image-82169\" src=\"https:\/\/migracao.redenoticia.com.br\/noticia\/imagens\/velho_chico_novela_resumo_globo-150x112.jpg\" alt=\"velho_chico_novela_resumo_globo\" width=\"150\" height=\"112\" srcset=\"https:\/\/migracao.redenoticia.com.br\/noticia\/imagens\/velho_chico_novela_resumo_globo-150x112.jpg 150w, https:\/\/migracao.redenoticia.com.br\/noticia\/imagens\/velho_chico_novela_resumo_globo-265x198.jpg 265w\" sizes=\"auto, (max-width: 150px) 100vw, 150px\" \/><strong><em>Novela \u201cVelho Chico\u201d resumo 21\/09<\/em><\/strong>:\u00a0Santo encontra um envelope deixado na porta de sua casa e v\u00ea o conte\u00fado do cart\u00e3o de mem\u00f3ria em seu computador. Ele esconde o conte\u00fado de Tereza, imprime as fotos que incriminam Carlos Eduardo e procura Bento na cadeia.\u00a0Bento explica que as fotos com o dossi\u00ea seriam o bastante para colocar o Saru\u00ea atr\u00e1s das grades, s\u00f3 que sem o dossi\u00ea as fotos n\u00e3o provam nada. <\/p>\n<p>No cap\u00edtulo 165(*), novela \u201cVelho Chico\u201d, quarta-feira, 21 de setembro \u2013 Beatriz e Padre Ben\u00edcio lideram os encontros pol\u00edticos para atender \u00e0s demandas da popula\u00e7\u00e3o.<\/p>\n<p>Luzia garante a Piedade que Bento est\u00e1 mais seguro na pris\u00e3o. Santo encontra um envelope deixado na sua porta. Ol\u00edvia discute com Miguel.<\/p>\n<p>Santo leva as fotos tiradas por Martim at\u00e9 Bento. Dalva decide deixar a mans\u00e3o dos de S\u00e1 Ribeiro. C\u00edcero conversa com Afr\u00e2nio sobre Dalva.<\/p>\n<p>(*) edi\u00e7\u00e3o da Rede Globo, Novela \u201cVelho Chico\u201d, sujeito a altera\u00e7\u00e3o de data e conte\u00fado.<\/p>\n","protected":false},"excerpt":{"rendered":"<p>Novela \u201cVelho Chico\u201d resumo 21\/09:\u00a0Santo encontra um envelope deixado na porta de sua casa e v\u00ea o conte\u00fado do cart\u00e3o de mem\u00f3ria em seu computador. Ele esconde o conte\u00fado de Tereza, imprime as fotos que incriminam Carlos Eduardo e procura Bento na cadeia.\u00a0Bento explica que as fotos com o dossi\u00ea seriam o bastante para colocar [&hellip;]<\/p>\n","protected":false},"author":4,"featured_media":82169,"comment_status":"open","ping_status":"closed","sticky":false,"template":"","format":"standard","meta":{"tdm_status":"","tdm_grid_status":"","footnotes":""},"categories":[379,375,343],"tags":[441],"class_list":{"0":"post-95665","1":"post","2":"type-post","3":"status-publish","4":"format-standard","5":"has-post-thumbnail","7":"category-novelas","8":"category-rede-globo","9":"category-televisao","10":"tag-resumo-do-dia"},"_links":{"self":[{"href":"https:\/\/migracao.redenoticia.com.br\/noticia\/wp-json\/wp\/v2\/posts\/95665","targetHints":{"allow":["GET"]}}],"collection":[{"href":"https:\/\/migracao.redenoticia.com.br\/noticia\/wp-json\/wp\/v2\/posts"}],"about":[{"href":"https:\/\/migracao.redenoticia.com.br\/noticia\/wp-json\/wp\/v2\/types\/post"}],"author":[{"embeddable":true,"href":"https:\/\/migracao.redenoticia.com.br\/noticia\/wp-json\/wp\/v2\/users\/4"}],"replies":[{"embeddable":true,"href":"https:\/\/migracao.redenoticia.com.br\/noticia\/wp-json\/wp\/v2\/comments?post=95665"}],"version-history":[{"count":0,"href":"https:\/\/migracao.redenoticia.com.br\/noticia\/wp-json\/wp\/v2\/posts\/95665\/revisions"}],"wp:featuredmedia":[{"embeddable":true,"href":"https:\/\/migracao.redenoticia.com.br\/noticia\/wp-json\/wp\/v2\/media\/82169"}],"wp:attachment":[{"href":"https:\/\/migracao.redenoticia.com.br\/noticia\/wp-json\/wp\/v2\/media?parent=95665"}],"wp:term":[{"taxonomy":"category","embeddable":true,"href":"https:\/\/migracao.redenoticia.com.br\/noticia\/wp-json\/wp\/v2\/categories?post=95665"},{"taxonomy":"post_tag","embeddable":true,"href":"https:\/\/migracao.redenoticia.com.br\/noticia\/wp-json\/wp\/v2\/tags?post=95665"}],"curies":[{"name":"wp","href":"https:\/\/api.w.org\/{rel}","templated":true}]}}