{"id":95667,"date":"2016-09-20T19:10:30","date_gmt":"2016-09-20T22:10:30","guid":{"rendered":"http:\/\/www.redenoticia.com.br\/noticia\/?p=95667"},"modified":"2016-09-20T16:49:10","modified_gmt":"2016-09-20T19:49:10","slug":"novela-haja-coracao-resumo-2109-bruna-compra-uma-passagem-aerea-para-bogota","status":"publish","type":"post","link":"https:\/\/migracao.redenoticia.com.br\/noticia\/2016\/novela-haja-coracao-resumo-2109-bruna-compra-uma-passagem-aerea-para-bogota\/95667","title":{"rendered":"Novela \u201cHaja Cora\u00e7\u00e3o\u201d resumo 21\/09: Bruna desiste da fuga para Bogot\u00e1"},"content":{"rendered":"<p><img loading=\"lazy\" decoding=\"async\" class=\"alignleft size-thumbnail wp-image-87038\" src=\"https:\/\/migracao.redenoticia.com.br\/noticia\/imagens\/haja_coracao_novela_resumo_capitulo_globo-150x112.jpg\" alt=\"haja_coracao_novela_resumo_capitulo_globo\" width=\"150\" height=\"112\" srcset=\"https:\/\/migracao.redenoticia.com.br\/noticia\/imagens\/haja_coracao_novela_resumo_capitulo_globo-150x112.jpg 150w, https:\/\/migracao.redenoticia.com.br\/noticia\/imagens\/haja_coracao_novela_resumo_capitulo_globo-265x198.jpg 265w\" sizes=\"auto, (max-width: 150px) 100vw, 150px\" \/><strong><em>Novela \u201cHaja Cora\u00e7\u00e3o\u201d resumo 21\/09<\/em><\/strong>:\u00a0Camila cai na emboscada de\u00a0Bruna e fica entre a vida e a morte, depois de despencar de uma grande altura em um galp\u00e3o abandonado. Aflitos, Lucr\u00e9cia e Agilson n\u00e3o saem de perto da filha, que est\u00e1 em coma no hospital. Quando os pais veem Camila come\u00e7ar a se mexer, ficam ansiosos. S\u00f3 que para desespero dos dois, eles percebem que Camila acordou com sua personalidade antiga e que, novamente, perdeu a mem\u00f3ria. Ap\u00f3s a segunda tentativa de matar Camila n\u00e3o dar certo, Bruna pega suas coisas no escrit\u00f3rio e compra uma passagem a\u00e9rea para Bogot\u00e1. No entanto, a caminho para o aeroporto ela recebe uma liga\u00e7\u00e3o de En\u00e9as que a faz desistir da fuga. En\u00e9as fala que os m\u00e9dicos n\u00e3o sabem explicar, mas que Camila perdeu toda a mem\u00f3ria recente. Atordoada, Bruna desliga o telefone sem se despedir e decide ficar no Brasil. <\/p>\n<p>No cap\u00edtulo 095(*), novela \u201cHaja Cora\u00e7\u00e3o\u201d, quarta-feira, 21 de setembro \u2013 Shirlei n\u00e3o esconde sua tristeza ao dizer a Cris que nunca ningu\u00e9m a rejeitou como Vit\u00f3ria. Vit\u00f3ria avisa a Felipe que tem os seus motivos para n\u00e3o ter falado com Shirlei.<\/p>\n<p>Safira insinua que doar\u00e1 suas a\u00e7\u00f5es para quem for ao seu quarto durante a noite. Pen\u00e9lope comenta com Tamara que Beto ter\u00e1 que aceitar seu relacionamento com Henrique. Apolo confessa a Nair que jamais gostar\u00e1 de algu\u00e9m como de Tancinha. Tamara conta a Pen\u00e9lope que est\u00e1 apaixonada.<\/p>\n<p>Felipe tem receio de que Shirlei desista dele por causa de Vit\u00f3ria. Lucr\u00e9cia e Agilson percebem que Camila perdeu novamente a mem\u00f3ria. Bruna descobre por En\u00e9as que Camila teve amn\u00e9sia novamente. Tito sofre ao ver Tancinha e Apolo brigando, foge e acaba sendo atropelado.<\/p>\n<p>(*) edi\u00e7\u00e3o da Rede Globo, Novela \u201cHaja Cora\u00e7\u00e3o\u201d, sujeito a altera\u00e7\u00e3o de data e conte\u00fado.<\/p>\n","protected":false},"excerpt":{"rendered":"<p>Novela \u201cHaja Cora\u00e7\u00e3o\u201d resumo 21\/09:\u00a0Camila cai na emboscada de\u00a0Bruna e fica entre a vida e a morte, depois de despencar de uma grande altura em um galp\u00e3o abandonado. Aflitos, Lucr\u00e9cia e Agilson n\u00e3o saem de perto da filha, que est\u00e1 em coma no hospital. Quando os pais veem Camila come\u00e7ar a se mexer, ficam ansiosos. [&hellip;]<\/p>\n","protected":false},"author":4,"featured_media":87038,"comment_status":"open","ping_status":"closed","sticky":false,"template":"","format":"standard","meta":{"tdm_status":"","tdm_grid_status":"","footnotes":""},"categories":[379,375,343],"tags":[441],"class_list":{"0":"post-95667","1":"post","2":"type-post","3":"status-publish","4":"format-standard","5":"has-post-thumbnail","7":"category-novelas","8":"category-rede-globo","9":"category-televisao","10":"tag-resumo-do-dia"},"_links":{"self":[{"href":"https:\/\/migracao.redenoticia.com.br\/noticia\/wp-json\/wp\/v2\/posts\/95667","targetHints":{"allow":["GET"]}}],"collection":[{"href":"https:\/\/migracao.redenoticia.com.br\/noticia\/wp-json\/wp\/v2\/posts"}],"about":[{"href":"https:\/\/migracao.redenoticia.com.br\/noticia\/wp-json\/wp\/v2\/types\/post"}],"author":[{"embeddable":true,"href":"https:\/\/migracao.redenoticia.com.br\/noticia\/wp-json\/wp\/v2\/users\/4"}],"replies":[{"embeddable":true,"href":"https:\/\/migracao.redenoticia.com.br\/noticia\/wp-json\/wp\/v2\/comments?post=95667"}],"version-history":[{"count":0,"href":"https:\/\/migracao.redenoticia.com.br\/noticia\/wp-json\/wp\/v2\/posts\/95667\/revisions"}],"wp:featuredmedia":[{"embeddable":true,"href":"https:\/\/migracao.redenoticia.com.br\/noticia\/wp-json\/wp\/v2\/media\/87038"}],"wp:attachment":[{"href":"https:\/\/migracao.redenoticia.com.br\/noticia\/wp-json\/wp\/v2\/media?parent=95667"}],"wp:term":[{"taxonomy":"category","embeddable":true,"href":"https:\/\/migracao.redenoticia.com.br\/noticia\/wp-json\/wp\/v2\/categories?post=95667"},{"taxonomy":"post_tag","embeddable":true,"href":"https:\/\/migracao.redenoticia.com.br\/noticia\/wp-json\/wp\/v2\/tags?post=95667"}],"curies":[{"name":"wp","href":"https:\/\/api.w.org\/{rel}","templated":true}]}}