{"id":95669,"date":"2016-09-20T18:10:51","date_gmt":"2016-09-20T21:10:51","guid":{"rendered":"http:\/\/www.redenoticia.com.br\/noticia\/?p=95669"},"modified":"2016-09-20T17:44:06","modified_gmt":"2016-09-20T20:44:06","slug":"novela-sol-nascente-resumo-2109-tanaka-presenteia-mario-por-salvar-a-vida-de-alice","status":"publish","type":"post","link":"https:\/\/migracao.redenoticia.com.br\/noticia\/2016\/novela-sol-nascente-resumo-2109-tanaka-presenteia-mario-por-salvar-a-vida-de-alice\/95669","title":{"rendered":"Novela \u201cSol Nascente\u201d resumo 21\/09: Tanaka presenteia Mario por salvar a vida de Alice"},"content":{"rendered":"<p><img loading=\"lazy\" decoding=\"async\" class=\"alignleft size-thumbnail wp-image-91714\" src=\"https:\/\/migracao.redenoticia.com.br\/noticia\/imagens\/sol_nascente_resumo_novela_globo-150x112.jpg\" alt=\"sol_nascente_resumo_novela_globo\" width=\"150\" height=\"112\" srcset=\"https:\/\/migracao.redenoticia.com.br\/noticia\/imagens\/sol_nascente_resumo_novela_globo-150x112.jpg 150w, https:\/\/migracao.redenoticia.com.br\/noticia\/imagens\/sol_nascente_resumo_novela_globo-265x198.jpg 265w\" sizes=\"auto, (max-width: 150px) 100vw, 150px\" \/><strong><em>Novela \u201cSol Nascente\u201d resumo 21\/09<\/em><\/strong>:\u00a0Alice passa o maior sufoco quando o motor de seu barco quebra, enquanto ela comandava um dia de pesca com a equipe da Arraial Pescados. Com a ajuda de Mario, ela consegue voltar a salvo para a praia e, em seguida, para a casa de sua fam\u00edlia. Quando os amigos de inf\u00e2ncia chegam ao lar da fam\u00edlia japonesa,\u00a0Tanaka \u00e9 o primeiro a agradecer por tudo que o motociclista fez. Mario fica imediatamente surpreso, afinal, depois dos \u00faltimos vacilos, Tanaka lhe deu v\u00e1rios pux\u00f5es de orelha. Mais tarde, Tanaka presenteia Mario por salvar a vida de Alice. <\/p>\n<p>No cap\u00edtulo 020(*), novela \u201cSol Nascente\u201d, quarta-feira, 21 de setembro \u2013 Carolina acha gra\u00e7a da brincadeira de Ralf. Geppina e Gaetano se apavoram ao descobrir que Peppino e Hideo divulgaram suas fotos antigas em um site.<\/p>\n<p>Damasceno e Elisa seguem para Arraial do Sol Nascente. Milena sai escondida de Vittorio. Cesar mente para Alice sobre sua av\u00f3. Dora e Tiago descobrem que ter\u00e3o um beb\u00ea.<\/p>\n<p>Tanaka presenteia Mario por salvar a vida de Alice. Lenita e Vittorio se aproximam. Elisa e Damasceno avistam Geppina e Gaetano.<\/p>\n<p>(*) edi\u00e7\u00e3o da Rede Globo, Novela \u201cSol Nascente\u201d, sujeito a altera\u00e7\u00e3o de data e conte\u00fado.<\/p>\n","protected":false},"excerpt":{"rendered":"<p>Novela \u201cSol Nascente\u201d resumo 21\/09:\u00a0Alice passa o maior sufoco quando o motor de seu barco quebra, enquanto ela comandava um dia de pesca com a equipe da Arraial Pescados. Com a ajuda de Mario, ela consegue voltar a salvo para a praia e, em seguida, para a casa de sua fam\u00edlia. Quando os amigos de [&hellip;]<\/p>\n","protected":false},"author":4,"featured_media":0,"comment_status":"open","ping_status":"closed","sticky":false,"template":"","format":"standard","meta":{"tdm_status":"","tdm_grid_status":"","footnotes":""},"categories":[379,375,343],"tags":[441],"class_list":{"0":"post-95669","1":"post","2":"type-post","3":"status-publish","4":"format-standard","6":"category-novelas","7":"category-rede-globo","8":"category-televisao","9":"tag-resumo-do-dia"},"_links":{"self":[{"href":"https:\/\/migracao.redenoticia.com.br\/noticia\/wp-json\/wp\/v2\/posts\/95669","targetHints":{"allow":["GET"]}}],"collection":[{"href":"https:\/\/migracao.redenoticia.com.br\/noticia\/wp-json\/wp\/v2\/posts"}],"about":[{"href":"https:\/\/migracao.redenoticia.com.br\/noticia\/wp-json\/wp\/v2\/types\/post"}],"author":[{"embeddable":true,"href":"https:\/\/migracao.redenoticia.com.br\/noticia\/wp-json\/wp\/v2\/users\/4"}],"replies":[{"embeddable":true,"href":"https:\/\/migracao.redenoticia.com.br\/noticia\/wp-json\/wp\/v2\/comments?post=95669"}],"version-history":[{"count":0,"href":"https:\/\/migracao.redenoticia.com.br\/noticia\/wp-json\/wp\/v2\/posts\/95669\/revisions"}],"wp:attachment":[{"href":"https:\/\/migracao.redenoticia.com.br\/noticia\/wp-json\/wp\/v2\/media?parent=95669"}],"wp:term":[{"taxonomy":"category","embeddable":true,"href":"https:\/\/migracao.redenoticia.com.br\/noticia\/wp-json\/wp\/v2\/categories?post=95669"},{"taxonomy":"post_tag","embeddable":true,"href":"https:\/\/migracao.redenoticia.com.br\/noticia\/wp-json\/wp\/v2\/tags?post=95669"}],"curies":[{"name":"wp","href":"https:\/\/api.w.org\/{rel}","templated":true}]}}