{"id":9567,"date":"2009-08-24T13:40:45","date_gmt":"2009-08-24T17:40:45","guid":{"rendered":"http:\/\/www.redenoticia.com.br\/noticia\/?p=9567"},"modified":"2009-08-24T13:42:16","modified_gmt":"2009-08-24T17:42:16","slug":"xx-congresso-brasileiro-de-hepatologia-debate-as-novas-tendencias-da-especialidade","status":"publish","type":"post","link":"https:\/\/migracao.redenoticia.com.br\/noticia\/2009\/xx-congresso-brasileiro-de-hepatologia-debate-as-novas-tendencias-da-especialidade\/9567","title":{"rendered":"XX Congresso Brasileiro de Hepatologia debate as novas tend\u00eancias da especialidade"},"content":{"rendered":"<p>A\u00a0Sociedade Brasileira de Hepatologia\u00a0promove, de 30 de setembro a 3 de outubro, no\u00a0Serrano Resort, em Gramado \u2013 RS, o\u00a0XX Congresso Brasileiro de Hepatologia. A entidade, presidida pelo hepatologista ga\u00facho Angelo Alves de Mattos, vai reunir cerca de mil congressistas de todo o pa\u00eds em torno do estudo das doen\u00e7as do f\u00edgado e da pr\u00e1tica da hepatologia em todas as suas modalidades: cl\u00ednica, cir\u00fargica, pedi\u00e1trica, laborat\u00f3rio cl\u00ednico e patologia.<\/p>\n<p>Os avan\u00e7os na \u00e1rea, tecnologias atuais e novas terapias ser\u00e3o debatidas durante quatro dias com renomados palestrantes nacionais e estrangeiros. Conceituados conferencistas da Am\u00e9rica Latina j\u00e1\u00a0confirmaram presen\u00e7a assim como o ingl\u00eas Geoffrey Duscheiko, a americana Guadalupe Garcia-Tsao e os espanh\u00f3is Marina Berenguer e Vicente Arroyo.<\/p>\n<p>O evento abre, quarta-feira (30\/09), com Cursos Avan\u00e7ados:\u00a0Hepatologia do Futuro, Preven\u00e7\u00e3o das Hepatites Virais, Hepatite B, Hepatite C, Transplante \/ Cirurgia. Entre os principais temas dessa edi\u00e7\u00e3o do Congresso Brasileiro de Hepatologia, que ser\u00e3o abordados de quinta-feira a s\u00e1bado (1\u00ba a 3 de outubro), est\u00e3o Doen\u00e7a hep\u00e1tica gordurosa n\u00e3o alco\u00f3lica (NASH), Hipertens\u00e3o portal, Ascite, Infec\u00e7\u00e3o no cirr\u00f3tico , Doen\u00e7as auto-imunes do f\u00edgado, Carcinona hepatocelular e Transplante hep\u00e1tico.<\/p>\n<p>A programa\u00e7\u00e3o completa pode ser conferida no site <a href=\"http:\/\/www.congressodehepatologia.com.br\/\" target=\"_blank\">www.congressodehepatologia.com.br<\/a> Informa\u00e7\u00f5es e inscri\u00e7\u00f5es: (51) 3061-2957<\/p>\n","protected":false},"excerpt":{"rendered":"<p>A\u00a0Sociedade Brasileira de Hepatologia\u00a0promove, de 30 de setembro a 3 de outubro, no\u00a0Serrano Resort, em Gramado \u2013 RS, o\u00a0XX Congresso Brasileiro de Hepatologia. A entidade, presidida pelo hepatologista ga\u00facho Angelo Alves de Mattos, vai reunir cerca de mil congressistas de todo o pa\u00eds em torno do estudo das doen\u00e7as do f\u00edgado e da pr\u00e1tica da [&hellip;]<\/p>\n","protected":false},"author":2,"featured_media":0,"comment_status":"open","ping_status":"open","sticky":false,"template":"","format":"standard","meta":{"tdm_status":"","tdm_grid_status":"","footnotes":""},"categories":[5],"tags":[],"class_list":{"0":"post-9567","1":"post","2":"type-post","3":"status-publish","4":"format-standard","6":"category-saude-e-vida"},"_links":{"self":[{"href":"https:\/\/migracao.redenoticia.com.br\/noticia\/wp-json\/wp\/v2\/posts\/9567","targetHints":{"allow":["GET"]}}],"collection":[{"href":"https:\/\/migracao.redenoticia.com.br\/noticia\/wp-json\/wp\/v2\/posts"}],"about":[{"href":"https:\/\/migracao.redenoticia.com.br\/noticia\/wp-json\/wp\/v2\/types\/post"}],"author":[{"embeddable":true,"href":"https:\/\/migracao.redenoticia.com.br\/noticia\/wp-json\/wp\/v2\/users\/2"}],"replies":[{"embeddable":true,"href":"https:\/\/migracao.redenoticia.com.br\/noticia\/wp-json\/wp\/v2\/comments?post=9567"}],"version-history":[{"count":0,"href":"https:\/\/migracao.redenoticia.com.br\/noticia\/wp-json\/wp\/v2\/posts\/9567\/revisions"}],"wp:attachment":[{"href":"https:\/\/migracao.redenoticia.com.br\/noticia\/wp-json\/wp\/v2\/media?parent=9567"}],"wp:term":[{"taxonomy":"category","embeddable":true,"href":"https:\/\/migracao.redenoticia.com.br\/noticia\/wp-json\/wp\/v2\/categories?post=9567"},{"taxonomy":"post_tag","embeddable":true,"href":"https:\/\/migracao.redenoticia.com.br\/noticia\/wp-json\/wp\/v2\/tags?post=9567"}],"curies":[{"name":"wp","href":"https:\/\/api.w.org\/{rel}","templated":true}]}}