{"id":95671,"date":"2016-09-20T17:50:39","date_gmt":"2016-09-20T20:50:39","guid":{"rendered":"http:\/\/www.redenoticia.com.br\/noticia\/?p=95671"},"modified":"2016-09-20T16:40:51","modified_gmt":"2016-09-20T19:40:51","slug":"novela-malhacao-resumo-2109-joana-conta-a-tania-que-caio-e-ricardo-nao-sao-amigos","status":"publish","type":"post","link":"https:\/\/migracao.redenoticia.com.br\/noticia\/2016\/novela-malhacao-resumo-2109-joana-conta-a-tania-que-caio-e-ricardo-nao-sao-amigos\/95671","title":{"rendered":"Novela \u201cMalha\u00e7\u00e3o\u201d resumo 21\/09: Caio critica Ricardo para Joana"},"content":{"rendered":"<p><img loading=\"lazy\" decoding=\"async\" class=\"alignleft size-thumbnail wp-image-91715\" src=\"https:\/\/migracao.redenoticia.com.br\/noticia\/imagens\/malhacao_pro_dia_nascer_feliz_resumo_novela-150x112.jpg\" alt=\"malhacao_pro_dia_nascer_feliz_resumo_novela\" width=\"150\" height=\"112\" srcset=\"https:\/\/migracao.redenoticia.com.br\/noticia\/imagens\/malhacao_pro_dia_nascer_feliz_resumo_novela-150x112.jpg 150w, https:\/\/migracao.redenoticia.com.br\/noticia\/imagens\/malhacao_pro_dia_nascer_feliz_resumo_novela-265x198.jpg 265w\" sizes=\"auto, (max-width: 150px) 100vw, 150px\" \/><strong><em>Novela \u201cMalha\u00e7\u00e3o\u201d resumo 21\/09<\/em><\/strong>:\u00a0Joana surpreende\u00a0T\u00e2nia ao dizer que\u00a0Caio quer lhe arranjar um emprego melhor.\u00a0 A garota conta que o treinador quer fazer isso pela amizade que tinha com Carmem. Mas, Joana diz que agradeceu e que n\u00e3o quer sair da Forma. T\u00e2nia, ent\u00e3o, aconselha a menina a contar toda a verdade a Caio e Ricardo, e perguntar de vez quem \u00e9 o pai dela. Caio fica desconfiado com a recusa de Joana a um emprego melhor. Mais tarde, ele insinua para garota que Ricardo n\u00e3o \u00e9 uma boa pessoa. Cismada com a conversa, Joana conta \u00e0 T\u00e2nia que Caio e Ricardo n\u00e3o s\u00e3o amigos.<\/p>\n<p>No cap\u00edtulo 023(*), novela \u201cMalha\u00e7\u00e3o\u201d, quarta-feira, 21 de setembro \u2013 F\u00e1bio e Manuela se aproximam. Krica e Cleyton se preparam para o ch\u00e1 de beb\u00ea de seus filhos.<\/p>\n<p>Martinha alerta Juliana sobre os sentimentos de Jab\u00e1. Caio insinua a Joana que Ricardo n\u00e3o \u00e9 uma boa pessoa. Cleyton suspeita de que R\u00f4mulo tenha roubado sua carteira, e o rapaz decide deixar o hostel.<\/p>\n<p>Giovane questiona Gabriel sobre o noivado com B\u00e1rbara. Cleyton se desculpa com R\u00f4mulo. Joana conta \u00e0 T\u00e2nia que Caio e Ricardo n\u00e3o s\u00e3o amigos.<\/p>\n<p>(*) edi\u00e7\u00e3o da Rede Globo, Novela \u201cMalha\u00e7\u00e3o\u201d, sujeito a altera\u00e7\u00e3o de data e conte\u00fado.<\/p>\n","protected":false},"excerpt":{"rendered":"<p>Novela \u201cMalha\u00e7\u00e3o\u201d resumo 21\/09:\u00a0Joana surpreende\u00a0T\u00e2nia ao dizer que\u00a0Caio quer lhe arranjar um emprego melhor.\u00a0 A garota conta que o treinador quer fazer isso pela amizade que tinha com Carmem. Mas, Joana diz que agradeceu e que n\u00e3o quer sair da Forma. T\u00e2nia, ent\u00e3o, aconselha a menina a contar toda a verdade a Caio e Ricardo, [&hellip;]<\/p>\n","protected":false},"author":4,"featured_media":91715,"comment_status":"open","ping_status":"closed","sticky":false,"template":"","format":"standard","meta":{"tdm_status":"","tdm_grid_status":"","footnotes":""},"categories":[447,379,375,343],"tags":[441],"class_list":{"0":"post-95671","1":"post","2":"type-post","3":"status-publish","4":"format-standard","5":"has-post-thumbnail","7":"category-malhacao","8":"category-novelas","9":"category-rede-globo","10":"category-televisao","11":"tag-resumo-do-dia"},"_links":{"self":[{"href":"https:\/\/migracao.redenoticia.com.br\/noticia\/wp-json\/wp\/v2\/posts\/95671","targetHints":{"allow":["GET"]}}],"collection":[{"href":"https:\/\/migracao.redenoticia.com.br\/noticia\/wp-json\/wp\/v2\/posts"}],"about":[{"href":"https:\/\/migracao.redenoticia.com.br\/noticia\/wp-json\/wp\/v2\/types\/post"}],"author":[{"embeddable":true,"href":"https:\/\/migracao.redenoticia.com.br\/noticia\/wp-json\/wp\/v2\/users\/4"}],"replies":[{"embeddable":true,"href":"https:\/\/migracao.redenoticia.com.br\/noticia\/wp-json\/wp\/v2\/comments?post=95671"}],"version-history":[{"count":0,"href":"https:\/\/migracao.redenoticia.com.br\/noticia\/wp-json\/wp\/v2\/posts\/95671\/revisions"}],"wp:featuredmedia":[{"embeddable":true,"href":"https:\/\/migracao.redenoticia.com.br\/noticia\/wp-json\/wp\/v2\/media\/91715"}],"wp:attachment":[{"href":"https:\/\/migracao.redenoticia.com.br\/noticia\/wp-json\/wp\/v2\/media?parent=95671"}],"wp:term":[{"taxonomy":"category","embeddable":true,"href":"https:\/\/migracao.redenoticia.com.br\/noticia\/wp-json\/wp\/v2\/categories?post=95671"},{"taxonomy":"post_tag","embeddable":true,"href":"https:\/\/migracao.redenoticia.com.br\/noticia\/wp-json\/wp\/v2\/tags?post=95671"}],"curies":[{"name":"wp","href":"https:\/\/api.w.org\/{rel}","templated":true}]}}