{"id":95675,"date":"2016-09-20T18:00:56","date_gmt":"2016-09-20T21:00:56","guid":{"rendered":"http:\/\/www.redenoticia.com.br\/noticia\/?p=95675"},"modified":"2016-09-20T16:43:47","modified_gmt":"2016-09-20T19:43:47","slug":"novela-cheias-de-charme-resumo-2109-cida-fica-constrangida-quando-conrado-acha-ela-e-filha-dos-sarmento","status":"publish","type":"post","link":"https:\/\/migracao.redenoticia.com.br\/noticia\/2016\/novela-cheias-de-charme-resumo-2109-cida-fica-constrangida-quando-conrado-acha-ela-e-filha-dos-sarmento\/95675","title":{"rendered":"Novela \u201cCheias de Charme\u201d resumo 21\/09: Conrado acha que Cida \u00e9 filha dos Sarmento"},"content":{"rendered":"<p><img loading=\"lazy\" decoding=\"async\" class=\"alignleft size-thumbnail wp-image-95548\" src=\"https:\/\/migracao.redenoticia.com.br\/noticia\/imagens\/cheias-de-charme-novela-globo-internacional-resumo-proximo-capitulo-150x112.jpg\" alt=\"cheias-de-charme-novela-globo-internacional-resumo-proximo-capitulo\" width=\"150\" height=\"112\" \/><strong><em>Novela \u201cCheias de Charme\u201d resumo 21\/09<\/em><\/strong>: \u00e9\u00a0anivers\u00e1rio de Cida e suas novas amigas, Ros\u00e1rio e Penha, levam um presente para ela. Conrado demostra interesse em Cida. M\u00e1slova encomenda flores para Cida, mas manda entregar sem cart\u00e3o. Rodinei entrega as flores de Cida, mas diz que s\u00e3o para a filha do patr\u00e3o. Depois, Rodinei d\u00e1 a Cida o anel que mandou fazer para ela. Esta o avisa que est\u00e1 tudo acabado entre eles. Mais tarde, Cida fica constrangida quando Conrado acha que ela \u00e9 filha dos Sarmento. <\/p>\n<p>No cap\u00edtulo 003(*), novela \u201cCheias de Charme\u201d, quarta-feira, 21 de setembro \u2013 Penha bota Sandro para fora de casa. In\u00e1cio beija Ros\u00e1rio. Conrado demonstra interesse em Cida. Ros\u00e1rio desconfia da semelhan\u00e7a de Fabian com In\u00e1cio. Apesar das queixas dos filhos, Lygia n\u00e3o percebe as falhas de Socorro. Penha \u00e9 contratada por M\u00e1slova. Ros\u00e1rio e Penha levam um presente de anivers\u00e1rio para Cida.<\/p>\n<p>Lygia constata que Manuela est\u00e1 com febre e pede para Socorro n\u00e3o deix\u00e1-la sozinha. In\u00e1cio visita sua tia Romana e \u00e9 perseguido por dois motoqueiros. M\u00e1slova encomenda flores para Cida, mas manda entregar sem cart\u00e3o. Socorro conta para La\u00e9rcio que Ros\u00e1rio e Penha s\u00e3o amigas. Rodinei entrega as flores de Cida, mas diz que s\u00e3o para a filha do patr\u00e3o.<\/p>\n<p>Elano prop\u00f5e que Chayene pague uma indeniza\u00e7\u00e3o a Penha na audi\u00eancia de concilia\u00e7\u00e3o. Rodinei d\u00e1 a Cida o anel que mandou fazer para ela. In\u00e1cio se instala na mesma pens\u00e3o de Dinha. Alejandro conta para Lygia que Socorro deixou Manuela sozinha. Sandro \u00e9 levado machucado para a casa de Penha. Cida avisa a Rodinei que est\u00e1 tudo acabado entre eles. Conrado acha que Cida \u00e9 filha dos Sarmento, e a deixa constrangida.<\/p>\n<p>(*) edi\u00e7\u00e3o da Rede Globo, Novela \u201cCheias de Charme\u201d, sujeito a altera\u00e7\u00e3o de data e conte\u00fado.<\/p>\n","protected":false},"excerpt":{"rendered":"<p>Novela \u201cCheias de Charme\u201d resumo 21\/09: \u00e9\u00a0anivers\u00e1rio de Cida e suas novas amigas, Ros\u00e1rio e Penha, levam um presente para ela. Conrado demostra interesse em Cida. M\u00e1slova encomenda flores para Cida, mas manda entregar sem cart\u00e3o. Rodinei entrega as flores de Cida, mas diz que s\u00e3o para a filha do patr\u00e3o. Depois, Rodinei d\u00e1 a [&hellip;]<\/p>\n","protected":false},"author":4,"featured_media":95548,"comment_status":"open","ping_status":"closed","sticky":false,"template":"","format":"standard","meta":{"tdm_status":"","tdm_grid_status":"","footnotes":""},"categories":[379,375,343],"tags":[441],"class_list":{"0":"post-95675","1":"post","2":"type-post","3":"status-publish","4":"format-standard","5":"has-post-thumbnail","7":"category-novelas","8":"category-rede-globo","9":"category-televisao","10":"tag-resumo-do-dia"},"_links":{"self":[{"href":"https:\/\/migracao.redenoticia.com.br\/noticia\/wp-json\/wp\/v2\/posts\/95675","targetHints":{"allow":["GET"]}}],"collection":[{"href":"https:\/\/migracao.redenoticia.com.br\/noticia\/wp-json\/wp\/v2\/posts"}],"about":[{"href":"https:\/\/migracao.redenoticia.com.br\/noticia\/wp-json\/wp\/v2\/types\/post"}],"author":[{"embeddable":true,"href":"https:\/\/migracao.redenoticia.com.br\/noticia\/wp-json\/wp\/v2\/users\/4"}],"replies":[{"embeddable":true,"href":"https:\/\/migracao.redenoticia.com.br\/noticia\/wp-json\/wp\/v2\/comments?post=95675"}],"version-history":[{"count":0,"href":"https:\/\/migracao.redenoticia.com.br\/noticia\/wp-json\/wp\/v2\/posts\/95675\/revisions"}],"wp:featuredmedia":[{"embeddable":true,"href":"https:\/\/migracao.redenoticia.com.br\/noticia\/wp-json\/wp\/v2\/media\/95548"}],"wp:attachment":[{"href":"https:\/\/migracao.redenoticia.com.br\/noticia\/wp-json\/wp\/v2\/media?parent=95675"}],"wp:term":[{"taxonomy":"category","embeddable":true,"href":"https:\/\/migracao.redenoticia.com.br\/noticia\/wp-json\/wp\/v2\/categories?post=95675"},{"taxonomy":"post_tag","embeddable":true,"href":"https:\/\/migracao.redenoticia.com.br\/noticia\/wp-json\/wp\/v2\/tags?post=95675"}],"curies":[{"name":"wp","href":"https:\/\/api.w.org\/{rel}","templated":true}]}}