{"id":95699,"date":"2016-09-20T19:36:56","date_gmt":"2016-09-20T22:36:56","guid":{"rendered":"http:\/\/www.redenoticia.com.br\/noticia\/?p=95699"},"modified":"2016-09-20T17:43:26","modified_gmt":"2016-09-20T20:43:26","slug":"novela-sila-resumo-2109-esma-perde-o-bebe","status":"publish","type":"post","link":"https:\/\/migracao.redenoticia.com.br\/noticia\/2016\/novela-sila-resumo-2109-esma-perde-o-bebe\/95699","title":{"rendered":"Novela \u201cSila\u201d resumo 21\/09: Esma perde o beb\u00ea"},"content":{"rendered":"<p><img loading=\"lazy\" decoding=\"async\" class=\"alignleft size-thumbnail wp-image-83098\" src=\"https:\/\/migracao.redenoticia.com.br\/noticia\/imagens\/sila_band_novela_resumo_capitulo-150x112.jpg\" alt=\"sila_band_novela_resumo_capitulo\" width=\"150\" height=\"112\" srcset=\"https:\/\/migracao.redenoticia.com.br\/noticia\/imagens\/sila_band_novela_resumo_capitulo-150x112.jpg 150w, https:\/\/migracao.redenoticia.com.br\/noticia\/imagens\/sila_band_novela_resumo_capitulo-265x198.jpg 265w\" sizes=\"auto, (max-width: 150px) 100vw, 150px\" \/><strong><em> Novela \u201cSila\u201d resumo 21\/09<\/em><\/strong>: Esma conta para Ceren que Dilaver \u00e9 casado. Al\u00e9m disso, Berzan amea\u00e7a matar Dilaver se Ceren continuar com o processo contra ele. Ceren fica chocada, muda o rumo do processo e termina o namoro com Dilaver. Ele fica furioso com Esma e exige que ela pe\u00e7a demiss\u00e3o da empresa. Esma se nega. Logo depois, Esma sofre um acidente e vai para o hospital. Esma perde o beb\u00ea.<\/p>\n<p>No capitulo 148 (*), novela \u201cSila\u201d, quarta-feira, 21 de setembro &#8211; ap\u00f3s saber da morte do pai, Zeliha aponta uma arma para Berzan. Boran impede Zeliha de atirar em Berzan. Dilaver descobre que Ceren mudou o rumo do julgamento. Feride consegue um emprego na empresa de Abay. Ceren abandona Dilaver. Boran conta a Sila que a testemunha mudou o depoimento contra Berzan.<\/p>\n<p> Ayse desiste de se casar com Hussein. Celil \u00e9 seguido por um estranho. Feride sai com Abay para o seu primeiro dia de trabalho. Dilaver exige que Esma pe\u00e7a demiss\u00e3o da empresa, mas ela se nega. Esma sofre um acidente e vai para o hospital.<\/p>\n<p> Esma perde o beb\u00ea. A fam\u00edlia de Feride a v\u00ea com Abay e decide puni-la. Ayse diz a Sila que quer ir embora. Berzan segue Sila e Boran pela estrada. No entanto, Boran perde a paci\u00eancia e o confronta. Boran aponta sua arma para o vil\u00e3o.<\/p>\n<p>(*) edi\u00e7\u00e3o da Band, Novela \u201cSila\u201d, sujeito a altera\u00e7\u00e3o de data e conte\u00fado. <\/p>\n","protected":false},"excerpt":{"rendered":"<p>Novela \u201cSila\u201d resumo 21\/09: Esma conta para Ceren que Dilaver \u00e9 casado. Al\u00e9m disso, Berzan amea\u00e7a matar Dilaver se Ceren continuar com o processo contra ele. Ceren fica chocada, muda o rumo do processo e termina o namoro com Dilaver. Ele fica furioso com Esma e exige que ela pe\u00e7a demiss\u00e3o da empresa. Esma se [&hellip;]<\/p>\n","protected":false},"author":2,"featured_media":83098,"comment_status":"open","ping_status":"closed","sticky":false,"template":"","format":"standard","meta":{"tdm_status":"","tdm_grid_status":"","footnotes":""},"categories":[390,379,343],"tags":[441],"class_list":{"0":"post-95699","1":"post","2":"type-post","3":"status-publish","4":"format-standard","5":"has-post-thumbnail","7":"category-band","8":"category-novelas","9":"category-televisao","10":"tag-resumo-do-dia"},"_links":{"self":[{"href":"https:\/\/migracao.redenoticia.com.br\/noticia\/wp-json\/wp\/v2\/posts\/95699","targetHints":{"allow":["GET"]}}],"collection":[{"href":"https:\/\/migracao.redenoticia.com.br\/noticia\/wp-json\/wp\/v2\/posts"}],"about":[{"href":"https:\/\/migracao.redenoticia.com.br\/noticia\/wp-json\/wp\/v2\/types\/post"}],"author":[{"embeddable":true,"href":"https:\/\/migracao.redenoticia.com.br\/noticia\/wp-json\/wp\/v2\/users\/2"}],"replies":[{"embeddable":true,"href":"https:\/\/migracao.redenoticia.com.br\/noticia\/wp-json\/wp\/v2\/comments?post=95699"}],"version-history":[{"count":0,"href":"https:\/\/migracao.redenoticia.com.br\/noticia\/wp-json\/wp\/v2\/posts\/95699\/revisions"}],"wp:featuredmedia":[{"embeddable":true,"href":"https:\/\/migracao.redenoticia.com.br\/noticia\/wp-json\/wp\/v2\/media\/83098"}],"wp:attachment":[{"href":"https:\/\/migracao.redenoticia.com.br\/noticia\/wp-json\/wp\/v2\/media?parent=95699"}],"wp:term":[{"taxonomy":"category","embeddable":true,"href":"https:\/\/migracao.redenoticia.com.br\/noticia\/wp-json\/wp\/v2\/categories?post=95699"},{"taxonomy":"post_tag","embeddable":true,"href":"https:\/\/migracao.redenoticia.com.br\/noticia\/wp-json\/wp\/v2\/tags?post=95699"}],"curies":[{"name":"wp","href":"https:\/\/api.w.org\/{rel}","templated":true}]}}