{"id":95711,"date":"2016-09-20T19:05:02","date_gmt":"2016-09-20T22:05:02","guid":{"rendered":"http:\/\/www.redenoticia.com.br\/noticia\/?p=95711"},"modified":"2016-09-20T18:07:19","modified_gmt":"2016-09-20T21:07:19","slug":"novela-chiquititas-resumo-2109-sofia-chega-ao-orfanato-com-pata","status":"publish","type":"post","link":"https:\/\/migracao.redenoticia.com.br\/noticia\/2016\/novela-chiquititas-resumo-2109-sofia-chega-ao-orfanato-com-pata\/95711","title":{"rendered":"Novela \u201cChiquititas\u201d resumo 21\/09: Sofia chega ao orfanato com Pata"},"content":{"rendered":"<p><img loading=\"lazy\" decoding=\"async\" class=\"alignleft size-thumbnail wp-image-57144\" src=\"http:\/\/cdn.redenoticia.com.br\/noticia\/imagens\/\/2014\/08\/chiquititas-resumo-novela-sbt-150x150.png\" alt=\"chiquititas-resumo-novela-sbt\" width=\"112\" height=\"112\" \/><strong><em>Novela \u201cChiquititas\u201d resumo 21\/09<\/em><\/strong>: as meninas decoram o orfanato, com faixas e desenhos para a chegada de Pata. Mili d\u00e1 a ideia de todas as amigas assinarem o desenho de Ana para dar a nova menina. Sofia chega ao orfanato com Pata. Mili d\u00e1 boas vindas \u00e0 garota, mas ela a ignora. Tati entrega o desenho que fizeram, mas Pata joga o papel no ch\u00e3o. As meninas a levam para conhecer o quarto e Mili mostra a cama que Pata ir\u00e1 dormir. Sofia deixa as meninas para que conversem e se enturmem.<\/p>\n<p>No cap\u00edtulo 008(*), novela \u201cChiquititas\u201d, quarta-feira, 21 de setembro \u2013  Dr. Jos\u00e9 Ricardo diz achar estranho Gabriela se lembrar de Miguel, pois faz tempo que o rapaz deixou a casa. No dia seguinte, Carol e Beto chegam juntos no Caf\u00e9 Boutique. Os irm\u00e3os conversam em frente \u00e0 loja, quando J\u00fanior chega e observa os dois de longe. O rapaz n\u00e3o sabe que Beto \u00e9 irm\u00e3o de Carol. <\/p>\n<p>Ao entrar na loja, Carol d\u00e1 bom dia a J\u00fanior, mas o rapaz n\u00e3o responde gentilmente e a gar\u00e7onete n\u00e3o entende. Maria Cec\u00edlia apresenta a nova sala de J\u00fanior ao rapaz e passa todas as informa\u00e7\u00f5es sobre a empresa. As meninas decoram o orfanato, com faixas e desenhos para a chegada de Pata. Ernestina fica agoniada com tanta bagun\u00e7a. Mili d\u00e1 a ideia de todas as amigas assinarem o desenho de Ana para dar a nova menina. <\/p>\n<p>Sofia chega ao orfanato com Pata. Mili d\u00e1 boas vindas \u00e0 garota, mas ela a ignora. Tati entrega o desenho que fizeram, mas Pata joga o papel no ch\u00e3o. As meninas a levam para conhecer o quarto e Mili mostra a cama que Pata ir\u00e1 dormir. Sofia deixa as meninas para que conversem e se enturmem.<\/p>\n<p>(*) edi\u00e7\u00e3o do SBT, Novela \u201cChiquititas\u201d, sujeito a altera\u00e7\u00e3o de data e conte\u00fado.<\/p>\n","protected":false},"excerpt":{"rendered":"<p>Novela \u201cChiquititas\u201d resumo 21\/09: as meninas decoram o orfanato, com faixas e desenhos para a chegada de Pata. Mili d\u00e1 a ideia de todas as amigas assinarem o desenho de Ana para dar a nova menina. Sofia chega ao orfanato com Pata. Mili d\u00e1 boas vindas \u00e0 garota, mas ela a ignora. Tati entrega o [&hellip;]<\/p>\n","protected":false},"author":2,"featured_media":49690,"comment_status":"open","ping_status":"closed","sticky":false,"template":"","format":"standard","meta":{"tdm_status":"","tdm_grid_status":"","footnotes":""},"categories":[409,379,372,343],"tags":[441],"class_list":{"0":"post-95711","1":"post","2":"type-post","3":"status-publish","4":"format-standard","5":"has-post-thumbnail","7":"category-chiquititas","8":"category-novelas","9":"category-sbt","10":"category-televisao","11":"tag-resumo-do-dia"},"_links":{"self":[{"href":"https:\/\/migracao.redenoticia.com.br\/noticia\/wp-json\/wp\/v2\/posts\/95711","targetHints":{"allow":["GET"]}}],"collection":[{"href":"https:\/\/migracao.redenoticia.com.br\/noticia\/wp-json\/wp\/v2\/posts"}],"about":[{"href":"https:\/\/migracao.redenoticia.com.br\/noticia\/wp-json\/wp\/v2\/types\/post"}],"author":[{"embeddable":true,"href":"https:\/\/migracao.redenoticia.com.br\/noticia\/wp-json\/wp\/v2\/users\/2"}],"replies":[{"embeddable":true,"href":"https:\/\/migracao.redenoticia.com.br\/noticia\/wp-json\/wp\/v2\/comments?post=95711"}],"version-history":[{"count":0,"href":"https:\/\/migracao.redenoticia.com.br\/noticia\/wp-json\/wp\/v2\/posts\/95711\/revisions"}],"wp:featuredmedia":[{"embeddable":true,"href":"https:\/\/migracao.redenoticia.com.br\/noticia\/wp-json\/wp\/v2\/media\/49690"}],"wp:attachment":[{"href":"https:\/\/migracao.redenoticia.com.br\/noticia\/wp-json\/wp\/v2\/media?parent=95711"}],"wp:term":[{"taxonomy":"category","embeddable":true,"href":"https:\/\/migracao.redenoticia.com.br\/noticia\/wp-json\/wp\/v2\/categories?post=95711"},{"taxonomy":"post_tag","embeddable":true,"href":"https:\/\/migracao.redenoticia.com.br\/noticia\/wp-json\/wp\/v2\/tags?post=95711"}],"curies":[{"name":"wp","href":"https:\/\/api.w.org\/{rel}","templated":true}]}}