{"id":95728,"date":"2016-09-21T06:16:51","date_gmt":"2016-09-21T09:16:51","guid":{"rendered":"http:\/\/www.redenoticia.com.br\/noticia\/?p=95728"},"modified":"2016-09-20T19:18:26","modified_gmt":"2016-09-20T22:18:26","slug":"universidade-de-brasilia-prorroga-inscricoes-do-pas","status":"publish","type":"post","link":"https:\/\/migracao.redenoticia.com.br\/noticia\/2016\/universidade-de-brasilia-prorroga-inscricoes-do-pas\/95728","title":{"rendered":"Universidade de Bras\u00edlia prorroga inscri\u00e7\u00f5es do PAS"},"content":{"rendered":"<p> A Universidade de Bras\u00edlia (UnB) prorrogou, nesta ter\u00e7a-feira (20\/9), o prazo de inscri\u00e7\u00f5es para o <strong><em>Programa de Avalia\u00e7\u00e3o Seriada<\/em><\/strong> (PAS\/UnB). Agora, os estudantes podem confirmar a participa\u00e7\u00e3o na sele\u00e7\u00e3o at\u00e9 26 de setembro, pelo site .<\/p>\n<p>O Subprograma 2014-2016 oferece um total de 4.222 oportunidades distribu\u00eddas entre 99 cursos de gradua\u00e7\u00e3o na Institui\u00e7\u00e3o. As vagas s\u00e3o divididas para ingresso nos dois semestres letivos da Universidade, sendo 2.112 chances para o 1\u00ba semestre e 2.110, para o 2\u00ba semestre.<\/p>\n<p>As vagas s\u00e3o para os quatro campi da UnB: Darcy Ribeiro (Plano Piloto), Ceil\u00e2ndia, Gama e Planaltina. Existem tr\u00eas sistemas de acesso, nos dois semestres: Universal, Cotas para Negros e Cotas para Escolas P\u00fablicas. No momento da inscri\u00e7\u00e3o, o estudante deve optar por qual sistema\/campus\/curso\/turno deseja concorrer. A escolha poder\u00e1 ser alterada por meio do Sistema Informatizado de Sele\u00e7\u00e3o para os Cursos de Gradua\u00e7\u00e3o da UnB (SISUnB), ap\u00f3s o candidato conhecer seu desempenho nas provas e a nota de corte de cada curso.<\/p>\n<p>Aqueles que se inscreverem em cursos que exigem Certifica\u00e7\u00e3o de Habilidade Espec\u00edfica devem possuir o documento dentro da data de validade.<\/p>\n<p>PROVAS \u2013 A aplica\u00e7\u00e3o das provas do PAS 1 ocorrer\u00e1 na data prov\u00e1vel de 4 de dezembro. J\u00e1 os inscritos no PAS 2 realizam as avalia\u00e7\u00f5es na data prov\u00e1vel de 3 de dezembro e, para o PAS 3, as provas est\u00e3o previstas para 27 de novembro.<\/p>\n<p>As provas come\u00e7ar\u00e3o \u00e0s 13h em todos os dias e os participantes contar\u00e3o com cinco horas de tempo para resolu\u00e7\u00e3o das quest\u00f5es e para produ\u00e7\u00e3o da reda\u00e7\u00e3o em L\u00edngua Portuguesa, obrigat\u00f3ria em todas as etapas.<\/p>\n<p>CONTATO<br \/>\nOutras informa\u00e7\u00f5es no site  ou na Central de Atendimento ao Candidato do Cespe, de segunda a sexta, das 7h30 \u00e0s 20h30 \u2013 Campus Universit\u00e1rio Darcy Ribeiro, Sede do Cespe \u2013 (61) 3448 0100.<\/p>\n","protected":false},"excerpt":{"rendered":"<p>A Universidade de Bras\u00edlia (UnB) prorrogou, nesta ter\u00e7a-feira (20\/9), o prazo de inscri\u00e7\u00f5es para o Programa de Avalia\u00e7\u00e3o Seriada (PAS\/UnB). Agora, os estudantes podem confirmar a participa\u00e7\u00e3o na sele\u00e7\u00e3o at\u00e9 26 de setembro, pelo site . O Subprograma 2014-2016 oferece um total de 4.222 oportunidades distribu\u00eddas entre 99 cursos de gradua\u00e7\u00e3o na Institui\u00e7\u00e3o. As vagas [&hellip;]<\/p>\n","protected":false},"author":2,"featured_media":37419,"comment_status":"open","ping_status":"closed","sticky":false,"template":"","format":"standard","meta":{"tdm_status":"","tdm_grid_status":"","footnotes":""},"categories":[22,351,370],"tags":[],"class_list":{"0":"post-95728","1":"post","2":"type-post","3":"status-publish","4":"format-standard","5":"has-post-thumbnail","7":"category-brasil","8":"category-cursos","9":"category-inscricao"},"_links":{"self":[{"href":"https:\/\/migracao.redenoticia.com.br\/noticia\/wp-json\/wp\/v2\/posts\/95728","targetHints":{"allow":["GET"]}}],"collection":[{"href":"https:\/\/migracao.redenoticia.com.br\/noticia\/wp-json\/wp\/v2\/posts"}],"about":[{"href":"https:\/\/migracao.redenoticia.com.br\/noticia\/wp-json\/wp\/v2\/types\/post"}],"author":[{"embeddable":true,"href":"https:\/\/migracao.redenoticia.com.br\/noticia\/wp-json\/wp\/v2\/users\/2"}],"replies":[{"embeddable":true,"href":"https:\/\/migracao.redenoticia.com.br\/noticia\/wp-json\/wp\/v2\/comments?post=95728"}],"version-history":[{"count":0,"href":"https:\/\/migracao.redenoticia.com.br\/noticia\/wp-json\/wp\/v2\/posts\/95728\/revisions"}],"wp:featuredmedia":[{"embeddable":true,"href":"https:\/\/migracao.redenoticia.com.br\/noticia\/wp-json\/wp\/v2\/media\/37419"}],"wp:attachment":[{"href":"https:\/\/migracao.redenoticia.com.br\/noticia\/wp-json\/wp\/v2\/media?parent=95728"}],"wp:term":[{"taxonomy":"category","embeddable":true,"href":"https:\/\/migracao.redenoticia.com.br\/noticia\/wp-json\/wp\/v2\/categories?post=95728"},{"taxonomy":"post_tag","embeddable":true,"href":"https:\/\/migracao.redenoticia.com.br\/noticia\/wp-json\/wp\/v2\/tags?post=95728"}],"curies":[{"name":"wp","href":"https:\/\/api.w.org\/{rel}","templated":true}]}}