{"id":95755,"date":"2016-09-21T17:24:31","date_gmt":"2016-09-21T20:24:31","guid":{"rendered":"http:\/\/www.redenoticia.com.br\/noticia\/?p=95755"},"modified":"2016-09-21T15:26:09","modified_gmt":"2016-09-21T18:26:09","slug":"novela-malhacao-resumo-2209-romulo-enfrenta-belloto-para-defender-nanda","status":"publish","type":"post","link":"https:\/\/migracao.redenoticia.com.br\/noticia\/2016\/novela-malhacao-resumo-2209-romulo-enfrenta-belloto-para-defender-nanda\/95755","title":{"rendered":"Novela \u201cMalha\u00e7\u00e3o\u201d resumo 22\/09: R\u00f4mulo enfrenta Belloto para defender Nanda"},"content":{"rendered":"<p> <img loading=\"lazy\" decoding=\"async\" class=\"alignleft size-thumbnail wp-image-91715\" src=\"https:\/\/migracao.redenoticia.com.br\/noticia\/imagens\/malhacao_pro_dia_nascer_feliz_resumo_novela-150x112.jpg\" alt=\"malhacao_pro_dia_nascer_feliz_resumo_novela\" width=\"150\" height=\"112\" srcset=\"https:\/\/migracao.redenoticia.com.br\/noticia\/imagens\/malhacao_pro_dia_nascer_feliz_resumo_novela-150x112.jpg 150w, https:\/\/migracao.redenoticia.com.br\/noticia\/imagens\/malhacao_pro_dia_nascer_feliz_resumo_novela-265x198.jpg 265w\" sizes=\"auto, (max-width: 150px) 100vw, 150px\" \/><strong><em>Novela \u201cMalha\u00e7\u00e3o\u201d resumo 22\/09<\/em><\/strong>:\u00a0R\u00f4mulo enfrenta Belloto para defender Nanda, quando este tira onda ap\u00f3s ver que o lutador ficou um temp\u00e3o com Nanda a s\u00f3s. S\u00f3 que R\u00f4mulo n\u00e3o leva a brincadeira na boa, d\u00e1 uma dura no rapaz e diz que n\u00e3o admite que fale de Nanda. Mais tarde, depois de uma conversa os dois fazem as pazes. <\/p>\n<p>No cap\u00edtulo 024(*), novela \u201cMalha\u00e7\u00e3o\u201d, quinta-feira, 22 de setembro \u2013 T\u00e2nia e Joana conversam sobre o envolvimento entre Ricardo e Carmem. R\u00f4mulo enfrenta Belloto para defender Nanda. <\/p>\n<p>Manuela sente saudades da m\u00e3e, e Ricardo tenta confortar a filha. R\u00f4mulo e Belloto fazem as pazes. Arthur e Dod\u00f4 imploram a Juliana para entrar para o MOFO. Caio impede que Gabriel treine com o ombro machucado. <\/p>\n<p>Krica entra em trabalho de parto. Jab\u00e1 beija Juliana. Giovane acredita que Gabriel esteja apaixonado por outra menina. Caio afirma a Joana que Ricardo \u00e9 respons\u00e1vel pela morte de sua irm\u00e3.<\/p>\n<p>(*) edi\u00e7\u00e3o da Rede Globo, Novela \u201cMalha\u00e7\u00e3o\u201d, sujeito a altera\u00e7\u00e3o de data e conte\u00fado.<\/p>\n","protected":false},"excerpt":{"rendered":"<p>Novela \u201cMalha\u00e7\u00e3o\u201d resumo 22\/09:\u00a0R\u00f4mulo enfrenta Belloto para defender Nanda, quando este tira onda ap\u00f3s ver que o lutador ficou um temp\u00e3o com Nanda a s\u00f3s. S\u00f3 que R\u00f4mulo n\u00e3o leva a brincadeira na boa, d\u00e1 uma dura no rapaz e diz que n\u00e3o admite que fale de Nanda. Mais tarde, depois de uma conversa os [&hellip;]<\/p>\n","protected":false},"author":2,"featured_media":91715,"comment_status":"open","ping_status":"closed","sticky":false,"template":"","format":"standard","meta":{"tdm_status":"","tdm_grid_status":"","footnotes":""},"categories":[447,379,375,343],"tags":[441],"class_list":{"0":"post-95755","1":"post","2":"type-post","3":"status-publish","4":"format-standard","5":"has-post-thumbnail","7":"category-malhacao","8":"category-novelas","9":"category-rede-globo","10":"category-televisao","11":"tag-resumo-do-dia"},"_links":{"self":[{"href":"https:\/\/migracao.redenoticia.com.br\/noticia\/wp-json\/wp\/v2\/posts\/95755","targetHints":{"allow":["GET"]}}],"collection":[{"href":"https:\/\/migracao.redenoticia.com.br\/noticia\/wp-json\/wp\/v2\/posts"}],"about":[{"href":"https:\/\/migracao.redenoticia.com.br\/noticia\/wp-json\/wp\/v2\/types\/post"}],"author":[{"embeddable":true,"href":"https:\/\/migracao.redenoticia.com.br\/noticia\/wp-json\/wp\/v2\/users\/2"}],"replies":[{"embeddable":true,"href":"https:\/\/migracao.redenoticia.com.br\/noticia\/wp-json\/wp\/v2\/comments?post=95755"}],"version-history":[{"count":0,"href":"https:\/\/migracao.redenoticia.com.br\/noticia\/wp-json\/wp\/v2\/posts\/95755\/revisions"}],"wp:featuredmedia":[{"embeddable":true,"href":"https:\/\/migracao.redenoticia.com.br\/noticia\/wp-json\/wp\/v2\/media\/91715"}],"wp:attachment":[{"href":"https:\/\/migracao.redenoticia.com.br\/noticia\/wp-json\/wp\/v2\/media?parent=95755"}],"wp:term":[{"taxonomy":"category","embeddable":true,"href":"https:\/\/migracao.redenoticia.com.br\/noticia\/wp-json\/wp\/v2\/categories?post=95755"},{"taxonomy":"post_tag","embeddable":true,"href":"https:\/\/migracao.redenoticia.com.br\/noticia\/wp-json\/wp\/v2\/tags?post=95755"}],"curies":[{"name":"wp","href":"https:\/\/api.w.org\/{rel}","templated":true}]}}