{"id":95763,"date":"2016-09-21T19:35:09","date_gmt":"2016-09-21T22:35:09","guid":{"rendered":"http:\/\/www.redenoticia.com.br\/noticia\/?p=95763"},"modified":"2016-09-21T15:40:41","modified_gmt":"2016-09-21T18:40:41","slug":"novela-sila-resumo-2209-abay-sofre-um-atentado-no-meio-da-rua","status":"publish","type":"post","link":"https:\/\/migracao.redenoticia.com.br\/noticia\/2016\/novela-sila-resumo-2209-abay-sofre-um-atentado-no-meio-da-rua\/95763","title":{"rendered":"Novela \u201cSila\u201d resumo 22\/09: Abay sofre um atentado no meio da rua"},"content":{"rendered":"<p><img loading=\"lazy\" decoding=\"async\" class=\"alignleft size-thumbnail wp-image-83098\" src=\"https:\/\/migracao.redenoticia.com.br\/noticia\/imagens\/sila_band_novela_resumo_capitulo-150x112.jpg\" alt=\"sila_band_novela_resumo_capitulo\" width=\"150\" height=\"112\" srcset=\"https:\/\/migracao.redenoticia.com.br\/noticia\/imagens\/sila_band_novela_resumo_capitulo-150x112.jpg 150w, https:\/\/migracao.redenoticia.com.br\/noticia\/imagens\/sila_band_novela_resumo_capitulo-265x198.jpg 265w\" sizes=\"auto, (max-width: 150px) 100vw, 150px\" \/><strong><em> Novela \u201cSila\u201d resumo 22\/09<\/em><\/strong>: Berzan n\u00e3o desiste de fazer maldades em nome da tradi\u00e7\u00e3o de sua tribo. Irritado com o rival, ele liga para Boran e amea\u00e7a Abay. Boran refor\u00e7a a seguran\u00e7a mas n\u00e3o adianta, Abay sofre um atentado no meio da rua. Boran chama a aten\u00e7\u00e3o de seus homens por n\u00e3o terem protegido Abay. <\/p>\n<p>No capitulo 149 (*), novela \u201cSila\u201d, quinta-feira, 22 de setembro &#8211; Esma sofre um acidente e vai para o hospital. Esma perde o beb\u00ea. A fam\u00edlia de Feride a v\u00ea com Abay e decide puni-la. Ayse diz a Sila que quer ir embora. Berzan segue Sila e Boran pela estrada. No entanto, Boran perde a paci\u00eancia e o confronta. Boran aponta sua arma para o vil\u00e3o.<\/p>\n<p> Berzan e Boran se encaram e Sila fica furiosa. Berzan liga para Boran e amea\u00e7a Abay. Berzan visita Esma no hospital. Abay sofre um atentado no meio da rua. Boran chama a aten\u00e7\u00e3o de seus homens por n\u00e3o terem protegido Abay. Esma culpa Sila pela perda do beb\u00ea. Ela jura vingan\u00e7a por causa da grande dor que sente. <\/p>\n<p> Dilaver decide ir embora de Istambul. Lucine chega a Istambul para visitar o irm\u00e3o, Abay. Esma recebe alta do hospital, mas est\u00e1 com a sa\u00fade mental alterada. O tio de Feride conversa com Berzan sobre recuperar a honra da fam\u00edlia.<\/p>\n<p>(*) edi\u00e7\u00e3o da Band, Novela \u201cSila\u201d, sujeito a altera\u00e7\u00e3o de data e conte\u00fado. <\/p>\n","protected":false},"excerpt":{"rendered":"<p>Novela \u201cSila\u201d resumo 22\/09: Berzan n\u00e3o desiste de fazer maldades em nome da tradi\u00e7\u00e3o de sua tribo. Irritado com o rival, ele liga para Boran e amea\u00e7a Abay. Boran refor\u00e7a a seguran\u00e7a mas n\u00e3o adianta, Abay sofre um atentado no meio da rua. Boran chama a aten\u00e7\u00e3o de seus homens por n\u00e3o terem protegido Abay. [&hellip;]<\/p>\n","protected":false},"author":2,"featured_media":83098,"comment_status":"open","ping_status":"closed","sticky":false,"template":"","format":"standard","meta":{"tdm_status":"","tdm_grid_status":"","footnotes":""},"categories":[390,379,343],"tags":[441],"class_list":{"0":"post-95763","1":"post","2":"type-post","3":"status-publish","4":"format-standard","5":"has-post-thumbnail","7":"category-band","8":"category-novelas","9":"category-televisao","10":"tag-resumo-do-dia"},"_links":{"self":[{"href":"https:\/\/migracao.redenoticia.com.br\/noticia\/wp-json\/wp\/v2\/posts\/95763","targetHints":{"allow":["GET"]}}],"collection":[{"href":"https:\/\/migracao.redenoticia.com.br\/noticia\/wp-json\/wp\/v2\/posts"}],"about":[{"href":"https:\/\/migracao.redenoticia.com.br\/noticia\/wp-json\/wp\/v2\/types\/post"}],"author":[{"embeddable":true,"href":"https:\/\/migracao.redenoticia.com.br\/noticia\/wp-json\/wp\/v2\/users\/2"}],"replies":[{"embeddable":true,"href":"https:\/\/migracao.redenoticia.com.br\/noticia\/wp-json\/wp\/v2\/comments?post=95763"}],"version-history":[{"count":0,"href":"https:\/\/migracao.redenoticia.com.br\/noticia\/wp-json\/wp\/v2\/posts\/95763\/revisions"}],"wp:featuredmedia":[{"embeddable":true,"href":"https:\/\/migracao.redenoticia.com.br\/noticia\/wp-json\/wp\/v2\/media\/83098"}],"wp:attachment":[{"href":"https:\/\/migracao.redenoticia.com.br\/noticia\/wp-json\/wp\/v2\/media?parent=95763"}],"wp:term":[{"taxonomy":"category","embeddable":true,"href":"https:\/\/migracao.redenoticia.com.br\/noticia\/wp-json\/wp\/v2\/categories?post=95763"},{"taxonomy":"post_tag","embeddable":true,"href":"https:\/\/migracao.redenoticia.com.br\/noticia\/wp-json\/wp\/v2\/tags?post=95763"}],"curies":[{"name":"wp","href":"https:\/\/api.w.org\/{rel}","templated":true}]}}