{"id":95776,"date":"2016-09-21T20:25:33","date_gmt":"2016-09-21T23:25:33","guid":{"rendered":"http:\/\/www.redenoticia.com.br\/noticia\/?p=95776"},"modified":"2016-09-21T17:10:49","modified_gmt":"2016-09-21T20:10:49","slug":"novela-chiquititas-resumo-2209-acusam-pata-de-roubar-toda-a-comida","status":"publish","type":"post","link":"https:\/\/migracao.redenoticia.com.br\/noticia\/2016\/novela-chiquititas-resumo-2209-acusam-pata-de-roubar-toda-a-comida\/95776","title":{"rendered":"Novela \u201cChiquititas\u201d resumo 22\/09: Pata \u00e9 acusada de roubar comida"},"content":{"rendered":"<p><img loading=\"lazy\" decoding=\"async\" class=\"alignleft size-thumbnail wp-image-57144\" src=\"http:\/\/cdn.redenoticia.com.br\/noticia\/imagens\/\/2014\/08\/chiquititas-resumo-novela-sbt-150x150.png\" alt=\"chiquititas-resumo-novela-sbt\" width=\"112\" height=\"112\" \/><strong><em>Novela \u201cChiquititas\u201d resumo 22\/09<\/em><\/strong>:\u00a0Pata separa comida para dar a Mosca, quando as meninas entram e a flagram na cozinha. Pata diz que est\u00e1 com fome e que vai comer tudo sozinha. As meninas acusam Pata de roubar toda a comida, mas Sofia diz que elas n\u00e3o podem julgar a atitude da colega, sem ouvir a vers\u00e3o dela. Pata afirma que n\u00e3o estava a roubar, mas Bia n\u00e3o para de acus\u00e1-la. Sofia encerra a discuss\u00e3o e diz que no orfanato ningu\u00e9m precisa brigar por comida. <\/p>\n<p>No cap\u00edtulo 009(*), novela \u201cChiquititas\u201d, quinta-feira, 22 de setembro \u2013 Binho e Rafa voltam ao orfanato e encontram Mosca. Os garotos contam o que aconteceu entre eles e Pa\u00e7oca. O garoto fica irritado, mas diz que precisam se concentrar no caso de sua irm\u00e3.<\/p>\n<p>Maria Cec\u00edlia reclama e diz que Carol passou dos limites e inventa v\u00e1rias desculpas. A supervisora afirma que a gar\u00e7onete precisa mudar sua postura para continuar no emprego. Ao sair da sala de Eduarda, Carol encontra J\u00fanior. O rapaz pergunta se est\u00e1 tudo bem e a mo\u00e7a afirma que sim.<\/p>\n<p>As meninas acusam Pata de roubar toda a comida, mas Sofia diz que elas n\u00e3o podem julgar a atitude da colega, sem ouvir a vers\u00e3o dela. Pata afirma que n\u00e3o estava roubando, mas Bia n\u00e3o para de acus\u00e1-la. Sofia encerra a discuss\u00e3o e diz que no orfanato ningu\u00e9m precisa brigar por comida.<\/p>\n<p>(*) edi\u00e7\u00e3o do SBT, Novela \u201cChiquititas\u201d, sujeito a altera\u00e7\u00e3o de data e conte\u00fado.<\/p>\n","protected":false},"excerpt":{"rendered":"<p>Novela \u201cChiquititas\u201d resumo 22\/09:\u00a0Pata separa comida para dar a Mosca, quando as meninas entram e a flagram na cozinha. Pata diz que est\u00e1 com fome e que vai comer tudo sozinha. As meninas acusam Pata de roubar toda a comida, mas Sofia diz que elas n\u00e3o podem julgar a atitude da colega, sem ouvir a [&hellip;]<\/p>\n","protected":false},"author":4,"featured_media":49690,"comment_status":"open","ping_status":"closed","sticky":false,"template":"","format":"standard","meta":{"tdm_status":"","tdm_grid_status":"","footnotes":""},"categories":[409,379,372,343],"tags":[441],"class_list":{"0":"post-95776","1":"post","2":"type-post","3":"status-publish","4":"format-standard","5":"has-post-thumbnail","7":"category-chiquititas","8":"category-novelas","9":"category-sbt","10":"category-televisao","11":"tag-resumo-do-dia"},"_links":{"self":[{"href":"https:\/\/migracao.redenoticia.com.br\/noticia\/wp-json\/wp\/v2\/posts\/95776","targetHints":{"allow":["GET"]}}],"collection":[{"href":"https:\/\/migracao.redenoticia.com.br\/noticia\/wp-json\/wp\/v2\/posts"}],"about":[{"href":"https:\/\/migracao.redenoticia.com.br\/noticia\/wp-json\/wp\/v2\/types\/post"}],"author":[{"embeddable":true,"href":"https:\/\/migracao.redenoticia.com.br\/noticia\/wp-json\/wp\/v2\/users\/4"}],"replies":[{"embeddable":true,"href":"https:\/\/migracao.redenoticia.com.br\/noticia\/wp-json\/wp\/v2\/comments?post=95776"}],"version-history":[{"count":0,"href":"https:\/\/migracao.redenoticia.com.br\/noticia\/wp-json\/wp\/v2\/posts\/95776\/revisions"}],"wp:featuredmedia":[{"embeddable":true,"href":"https:\/\/migracao.redenoticia.com.br\/noticia\/wp-json\/wp\/v2\/media\/49690"}],"wp:attachment":[{"href":"https:\/\/migracao.redenoticia.com.br\/noticia\/wp-json\/wp\/v2\/media?parent=95776"}],"wp:term":[{"taxonomy":"category","embeddable":true,"href":"https:\/\/migracao.redenoticia.com.br\/noticia\/wp-json\/wp\/v2\/categories?post=95776"},{"taxonomy":"post_tag","embeddable":true,"href":"https:\/\/migracao.redenoticia.com.br\/noticia\/wp-json\/wp\/v2\/tags?post=95776"}],"curies":[{"name":"wp","href":"https:\/\/api.w.org\/{rel}","templated":true}]}}