{"id":95778,"date":"2016-09-21T20:15:43","date_gmt":"2016-09-21T23:15:43","guid":{"rendered":"http:\/\/www.redenoticia.com.br\/noticia\/?p=95778"},"modified":"2016-09-21T17:04:03","modified_gmt":"2016-09-21T20:04:03","slug":"novela-cumplices-de-um-resgate-resumo-2209-manuela-e-levada-por-benjamim-e-omar-ate-a-gravadora","status":"publish","type":"post","link":"https:\/\/migracao.redenoticia.com.br\/noticia\/2016\/novela-cumplices-de-um-resgate-resumo-2209-manuela-e-levada-por-benjamim-e-omar-ate-a-gravadora\/95778","title":{"rendered":"Novela \u201cC\u00famplices de um Resgate\u201d resumo 22\/09: Manuela visita a Top Records"},"content":{"rendered":"<p><img loading=\"lazy\" decoding=\"async\" class=\"alignleft size-thumbnail wp-image-71351\" src=\"https:\/\/migracao.redenoticia.com.br\/noticia\/imagens\/cumplices_de_um_resgate_sbt_novela_resumo-150x112.jpg\" alt=\"cumplices_de_um_resgate_sbt_novela_resumo\" width=\"150\" height=\"112\" srcset=\"https:\/\/migracao.redenoticia.com.br\/noticia\/imagens\/cumplices_de_um_resgate_sbt_novela_resumo-150x112.jpg 150w, https:\/\/migracao.redenoticia.com.br\/noticia\/imagens\/cumplices_de_um_resgate_sbt_novela_resumo-265x198.jpg 265w\" sizes=\"auto, (max-width: 150px) 100vw, 150px\" \/><strong><em>Novela \u201cC\u00famplices de um Resgate\u201d resumo 22\/09<\/em><\/strong>:\u00a0Ot\u00e1vio toma um caf\u00e9 com Paola que, na verdade, \u00e9 Regina disfar\u00e7ada. Paola finge que vai falar sobre uma proposta filantr\u00f3pica. Mais tarde, Rebeca sabe da exist\u00eancia de Paola e questiona Ot\u00e1vio sobre quem era a mulher. Sem saber, Manuela \u00e9 levada por Benjamim e Omar at\u00e9 a gravadora Top Records para tentar convence-la a cantar na banda deles. Paola, que na verdade \u00e9 Regina, fica em choque ao saber que a garota est\u00e1 na gravadora. <\/p>\n<p>No cap\u00edtulo 299(*), novela \u201cC\u00famplice de um Resgate\u201d, quinta-feira, 22 de setembro \u2013 ap\u00f3s invadir a loja de computadores, os C\u00famplices de Um Resgate conseguem provas para mostrar dados sobre a altera\u00e7\u00e3o no computador de Vicente.<\/p>\n<p>Ot\u00e1vio vai tomar caf\u00e9 com Paola, que na verdade \u00e9 Regina disfar\u00e7ada. Paola finge que vai falar sobre uma proposta filantr\u00f3pica. Sabrina tranca os amigos para que n\u00e3o denunciem seu av\u00f4. Rebeca fica sabendo da exist\u00eancia de Paola, que na verdade \u00e9 Regina, e questiona Ot\u00e1vio sobre quem era a mulher.<\/p>\n<p>Come\u00e7a o julgamento final de Vicente. O homem \u00e9 inocentado. Benjamim e Omar levam Manuela at\u00e9 a gravadora Top Records, sem que ela saiba, para tentar convencer ela a cantar na banda deles. Paola, que na verdade \u00e9 Regina, fica em choque ao saber que a garota est\u00e1 na gravadora.<\/p>\n<p>(*) edi\u00e7\u00e3o do SBT, Novela \u201cC\u00famplices de um Resgate\u201d, sujeito a altera\u00e7\u00e3o de data e conte\u00fado.<\/p>\n","protected":false},"excerpt":{"rendered":"<p>Novela \u201cC\u00famplices de um Resgate\u201d resumo 22\/09:\u00a0Ot\u00e1vio toma um caf\u00e9 com Paola que, na verdade, \u00e9 Regina disfar\u00e7ada. Paola finge que vai falar sobre uma proposta filantr\u00f3pica. Mais tarde, Rebeca sabe da exist\u00eancia de Paola e questiona Ot\u00e1vio sobre quem era a mulher. Sem saber, Manuela \u00e9 levada por Benjamim e Omar at\u00e9 a gravadora [&hellip;]<\/p>\n","protected":false},"author":4,"featured_media":71351,"comment_status":"open","ping_status":"closed","sticky":false,"template":"","format":"standard","meta":{"tdm_status":"","tdm_grid_status":"","footnotes":""},"categories":[379,372,343],"tags":[441],"class_list":{"0":"post-95778","1":"post","2":"type-post","3":"status-publish","4":"format-standard","5":"has-post-thumbnail","7":"category-novelas","8":"category-sbt","9":"category-televisao","10":"tag-resumo-do-dia"},"_links":{"self":[{"href":"https:\/\/migracao.redenoticia.com.br\/noticia\/wp-json\/wp\/v2\/posts\/95778","targetHints":{"allow":["GET"]}}],"collection":[{"href":"https:\/\/migracao.redenoticia.com.br\/noticia\/wp-json\/wp\/v2\/posts"}],"about":[{"href":"https:\/\/migracao.redenoticia.com.br\/noticia\/wp-json\/wp\/v2\/types\/post"}],"author":[{"embeddable":true,"href":"https:\/\/migracao.redenoticia.com.br\/noticia\/wp-json\/wp\/v2\/users\/4"}],"replies":[{"embeddable":true,"href":"https:\/\/migracao.redenoticia.com.br\/noticia\/wp-json\/wp\/v2\/comments?post=95778"}],"version-history":[{"count":0,"href":"https:\/\/migracao.redenoticia.com.br\/noticia\/wp-json\/wp\/v2\/posts\/95778\/revisions"}],"wp:featuredmedia":[{"embeddable":true,"href":"https:\/\/migracao.redenoticia.com.br\/noticia\/wp-json\/wp\/v2\/media\/71351"}],"wp:attachment":[{"href":"https:\/\/migracao.redenoticia.com.br\/noticia\/wp-json\/wp\/v2\/media?parent=95778"}],"wp:term":[{"taxonomy":"category","embeddable":true,"href":"https:\/\/migracao.redenoticia.com.br\/noticia\/wp-json\/wp\/v2\/categories?post=95778"},{"taxonomy":"post_tag","embeddable":true,"href":"https:\/\/migracao.redenoticia.com.br\/noticia\/wp-json\/wp\/v2\/tags?post=95778"}],"curies":[{"name":"wp","href":"https:\/\/api.w.org\/{rel}","templated":true}]}}