{"id":95783,"date":"2016-09-21T18:15:14","date_gmt":"2016-09-21T21:15:14","guid":{"rendered":"http:\/\/www.redenoticia.com.br\/noticia\/?p=95783"},"modified":"2016-09-21T16:51:03","modified_gmt":"2016-09-21T19:51:03","slug":"novela-a-gata-resumo-2209-mariano-conta-que-o-protetor-de-esmeralda-esteve-por-muitos-anos-na-prisao","status":"publish","type":"post","link":"https:\/\/migracao.redenoticia.com.br\/noticia\/2016\/novela-a-gata-resumo-2209-mariano-conta-que-o-protetor-de-esmeralda-esteve-por-muitos-anos-na-prisao\/95783","title":{"rendered":"Novela \u201cA Gata\u201d resumo 22\/09: Paulo diz que n\u00e3o vai se casar com M\u00f4nica"},"content":{"rendered":"<p><img loading=\"lazy\" decoding=\"async\" class=\"alignleft size-thumbnail wp-image-92254\" src=\"https:\/\/migracao.redenoticia.com.br\/noticia\/imagens\/A_Gata_novela_resumo_SBT-150x112.jpg\" alt=\"A_Gata_novela_resumo_SBT\" width=\"150\" height=\"112\" srcset=\"https:\/\/migracao.redenoticia.com.br\/noticia\/imagens\/A_Gata_novela_resumo_SBT-150x112.jpg 150w, https:\/\/migracao.redenoticia.com.br\/noticia\/imagens\/A_Gata_novela_resumo_SBT-265x198.jpg 265w\" sizes=\"auto, (max-width: 150px) 100vw, 150px\" \/><strong><em>Novela \u201cA Gata\u201d resumo 22\/09<\/em><\/strong>:\u00a0Mariano conversa com Paulo e diz que Augusto tem problemas com o protetor de Esmeralda. Paulo responde que nada que ele diga vai mudar sua opini\u00e3o, pois ama Esmeralda e vai lutar por ela. Mariano conta que o protetor de Esmeralda esteve por muitos anos na pris\u00e3o, e quem o condenou foi Augusto. Por isso, agora ele deseja se vingar e apenas Paulo vai poder salv\u00e1-lo, ao se casar com M\u00f4nica. Paulo responde que n\u00e3o vai se casar com M\u00f4nica, pois jamais vai am\u00e1-la. Mais tarde, aos prantos, Esmeralda pede ao Silencioso que impe\u00e7a Paulo de se casar com M\u00f4nica. Este a pede que confie nele. <\/p>\n<p>No cap\u00edtulo 029(*), novela \u201cA Gata\u201d, quinta-feira, 22 de setembro \u2013 diz a Paulo que o protetor de Esmeralda esteve por muitos anos na pris\u00e3o, e quem o condenou foi Augusto. Por isso, agora ele deseja se vingar e apenas Paulo poderia salv\u00e1-lo, se casando com M\u00f4nica. Paulo responde que n\u00e3o se casar\u00e1 com M\u00f4nica, pois jamais vai am\u00e1-la. Roberto e Eugenia tentam convencer M\u00f4nica a n\u00e3o se casar com Paulo, pois seus pais t\u00eam graves problemas. M\u00f4nica responde que s\u00f3 n\u00e3o se casaria com ele, caso o rapaz desistisse da rela\u00e7\u00e3o. Mariano se sente culpado por estar incentivando Paulo a se casar com M\u00f4nica. Chorando, Esmeralda pede ao Silencioso que impe\u00e7a Paulo de se casar com M\u00f4nica. Silencioso pede que Esmeralda confie nele.<\/p>\n<p>Jacira chama Paulo de covarde, que se casa com M\u00f4nica apenas por dinheiro e que n\u00e3o merece o amor de Esmeralda. Dona Rita discute com In\u00eas. O Silencioso diz a Dona Rita que deve resistir e n\u00e3o dizer nada do que sabe a Esmeralda. Augusto d\u00e1 um cheque a Paulo e diz que faz muito bem em se casar com uma rica herdeira. Paulo responde que n\u00e3o quer o dinheiro de M\u00f4nica, pois far\u00e1 sua pr\u00f3pria fortuna. Dona Rita pressente sua morte e decide revelar a Esmeralda que recebeu dinheiro de Augusto para ajudar a separ\u00e1-la de Paulo.<\/p>\n<p>Ela diz ainda que Paulo a escreveu v\u00e1rias cartas que ela nunca recebeu, pois a caixa postal era direcionada a Augusto. Esmeralda diz que ela lhe fez muito mal. Dona Rita diz n\u00e3o querer morrer sem seu perd\u00e3o. Esmeralda perdoa Dona Rita e diz que Paulo deveria confiar nela, e n\u00e3o acreditar no que os outros o disseram. Garrancho e seu bando seguem usando In\u00eas para assaltar. Jacira diz a Paulo que tem algo a lhe dizer e, depois disso, ele poder\u00e1 ter mais clareza para decidir se casa-se ou n\u00e3o com M\u00f4nica.<\/p>\n<p>(*) edi\u00e7\u00e3o do SBT, Novela \u201cA Gata\u201d, sujeito a altera\u00e7\u00e3o de data e conte\u00fado.<\/p>\n","protected":false},"excerpt":{"rendered":"<p>Novela \u201cA Gata\u201d resumo 22\/09:\u00a0Mariano conversa com Paulo e diz que Augusto tem problemas com o protetor de Esmeralda. Paulo responde que nada que ele diga vai mudar sua opini\u00e3o, pois ama Esmeralda e vai lutar por ela. Mariano conta que o protetor de Esmeralda esteve por muitos anos na pris\u00e3o, e quem o condenou [&hellip;]<\/p>\n","protected":false},"author":4,"featured_media":92254,"comment_status":"open","ping_status":"closed","sticky":false,"template":"","format":"standard","meta":{"tdm_status":"","tdm_grid_status":"","footnotes":""},"categories":[379,372,343],"tags":[441],"class_list":{"0":"post-95783","1":"post","2":"type-post","3":"status-publish","4":"format-standard","5":"has-post-thumbnail","7":"category-novelas","8":"category-sbt","9":"category-televisao","10":"tag-resumo-do-dia"},"_links":{"self":[{"href":"https:\/\/migracao.redenoticia.com.br\/noticia\/wp-json\/wp\/v2\/posts\/95783","targetHints":{"allow":["GET"]}}],"collection":[{"href":"https:\/\/migracao.redenoticia.com.br\/noticia\/wp-json\/wp\/v2\/posts"}],"about":[{"href":"https:\/\/migracao.redenoticia.com.br\/noticia\/wp-json\/wp\/v2\/types\/post"}],"author":[{"embeddable":true,"href":"https:\/\/migracao.redenoticia.com.br\/noticia\/wp-json\/wp\/v2\/users\/4"}],"replies":[{"embeddable":true,"href":"https:\/\/migracao.redenoticia.com.br\/noticia\/wp-json\/wp\/v2\/comments?post=95783"}],"version-history":[{"count":0,"href":"https:\/\/migracao.redenoticia.com.br\/noticia\/wp-json\/wp\/v2\/posts\/95783\/revisions"}],"wp:featuredmedia":[{"embeddable":true,"href":"https:\/\/migracao.redenoticia.com.br\/noticia\/wp-json\/wp\/v2\/media\/92254"}],"wp:attachment":[{"href":"https:\/\/migracao.redenoticia.com.br\/noticia\/wp-json\/wp\/v2\/media?parent=95783"}],"wp:term":[{"taxonomy":"category","embeddable":true,"href":"https:\/\/migracao.redenoticia.com.br\/noticia\/wp-json\/wp\/v2\/categories?post=95783"},{"taxonomy":"post_tag","embeddable":true,"href":"https:\/\/migracao.redenoticia.com.br\/noticia\/wp-json\/wp\/v2\/tags?post=95783"}],"curies":[{"name":"wp","href":"https:\/\/api.w.org\/{rel}","templated":true}]}}