{"id":95788,"date":"2016-09-21T17:15:22","date_gmt":"2016-09-21T20:15:22","guid":{"rendered":"http:\/\/www.redenoticia.com.br\/noticia\/?p=95788"},"modified":"2016-09-21T16:49:20","modified_gmt":"2016-09-21T19:49:20","slug":"novela-abismo-da-paixao-resumo-2209-elisa-pede-a-damiao-que-nao-a-amole","status":"publish","type":"post","link":"https:\/\/migracao.redenoticia.com.br\/noticia\/2016\/novela-abismo-da-paixao-resumo-2209-elisa-pede-a-damiao-que-nao-a-amole\/95788","title":{"rendered":"Novela \u201cAbismo da Paix\u00e3o\u201d resumo 22\/09: Paloma visita Gael na pris\u00e3o"},"content":{"rendered":"<p><img loading=\"lazy\" decoding=\"async\" class=\"alignleft size-thumbnail wp-image-81978\" src=\"https:\/\/migracao.redenoticia.com.br\/noticia\/imagens\/abismo_de_paixao_sbt_resumo_novela-150x112.jpg\" alt=\"abismo_de_paixao_sbt_resumo_novela\" width=\"150\" height=\"112\" srcset=\"https:\/\/migracao.redenoticia.com.br\/noticia\/imagens\/abismo_de_paixao_sbt_resumo_novela-150x112.jpg 150w, https:\/\/migracao.redenoticia.com.br\/noticia\/imagens\/abismo_de_paixao_sbt_resumo_novela-265x198.jpg 265w\" sizes=\"auto, (max-width: 150px) 100vw, 150px\" \/><strong><em>Novela \u201cAbismo da Paix\u00e3o\u201d resumo 22\/09<\/em><\/strong>:\u00a0Ramona aconselha Paloma para que, antes de ir embora do povoado, limpe sua consci\u00eancia e pressione Gael a dizer para Elisa o que ocorreu entre eles. Ent\u00e3o, Paloma visita Gael na pris\u00e3o e pede que ele diga a verdade a Elisa, j\u00e1 que ele a traiu primeiro. Gael responde que a culpada foi a pr\u00f3pria Paloma. Mais tarde, Dami\u00e3o pede a Elisa que diga, olhando em seus olhos, que ama Gael, j\u00e1 que n\u00e3o aguenta mais a angustia de viver nessa d\u00favida. Elisa pede a Dami\u00e3o que n\u00e3o a amole. Dami\u00e3o a beija.<\/p>\n<p>No cap\u00edtulo 129 (*), novela \u201cAbismo da Paix\u00e3o\u201d, quinta-feira, 22 de setembro \u2013 Paloma visita Gael na pris\u00e3o e pede que ele diga a verdade \u00e1 Elisa, j\u00e1 que ele \u00e1 traiu primeiro, Gael responde que a culpada foi a pr\u00f3pria Paloma. Elisa procura por Paloma no consult\u00f3rio e chega justo no momento em que Almerinda pede a Flor\u00eancia o anel de compromisso que Dami\u00e3o a havia dado. Almerinda diz a Flor\u00eancia e Elisa que elas se equivalem, pois s\u00e3o duas mulheres muito fr\u00edvolas e m\u00e1s. Dami\u00e3o pede a Elisa que diga, olhando em seus olhos, que ama Gael, j\u00e1 que n\u00e3o aguenta mais a angustia de viver nessa d\u00favida. Elisa pede a Dami\u00e3o que n\u00e3o a amole. Dami\u00e3o a beija.<\/p>\n<p>Dami\u00e3o e Elisa est\u00e3o se beijando na pra\u00e7a quando Almerinda come\u00e7a a aplaudir em frente a v\u00e1rias pessoas. Ela grita que Elisa \u00e9 igualzinha a louca de sua m\u00e3e. Elisa jura se vingar dela. Almerinda desmaia e Dami\u00e3o a leva ao centro de sa\u00fade. Henrique procura por Flor\u00eancia no consult\u00f3rio e ela pede uma oportunidade, pois o ama. Eles se beijam. Henrique responde que, com esse beijo, sentiu que realmente n\u00e3o a ama.<\/p>\n<p>Flor\u00eancia sai correndo e chora na praia. Gael e Dami\u00e3o se encontram. Gael est\u00e1 a ponto de matar Dami\u00e3o quando chega Padre Lupe, que grita que eles s\u00e3o filhos do mesmo pai. Elisa chora com Dolores e Lucio, pela revela\u00e7\u00e3o de que Gael e Dami\u00e3o s\u00e3o irm\u00e3os, e iam se matar por sua culpa. Dami\u00e3o enfrenta Almerinda por ter rejeitado Gael e o privado de ter crescido com as comodidades as quais tinha direito.<\/p>\n<p>(*) edi\u00e7\u00e3o do SBT, Novela \u201cAbismo da Paix\u00e3o\u201d, sujeito a altera\u00e7\u00e3o de data e conte\u00fado.<\/p>\n","protected":false},"excerpt":{"rendered":"<p>Novela \u201cAbismo da Paix\u00e3o\u201d resumo 22\/09:\u00a0Ramona aconselha Paloma para que, antes de ir embora do povoado, limpe sua consci\u00eancia e pressione Gael a dizer para Elisa o que ocorreu entre eles. Ent\u00e3o, Paloma visita Gael na pris\u00e3o e pede que ele diga a verdade a Elisa, j\u00e1 que ele a traiu primeiro. Gael responde que [&hellip;]<\/p>\n","protected":false},"author":4,"featured_media":81978,"comment_status":"open","ping_status":"closed","sticky":false,"template":"","format":"standard","meta":{"tdm_status":"","tdm_grid_status":"","footnotes":""},"categories":[379,372,343],"tags":[441],"class_list":{"0":"post-95788","1":"post","2":"type-post","3":"status-publish","4":"format-standard","5":"has-post-thumbnail","7":"category-novelas","8":"category-sbt","9":"category-televisao","10":"tag-resumo-do-dia"},"_links":{"self":[{"href":"https:\/\/migracao.redenoticia.com.br\/noticia\/wp-json\/wp\/v2\/posts\/95788","targetHints":{"allow":["GET"]}}],"collection":[{"href":"https:\/\/migracao.redenoticia.com.br\/noticia\/wp-json\/wp\/v2\/posts"}],"about":[{"href":"https:\/\/migracao.redenoticia.com.br\/noticia\/wp-json\/wp\/v2\/types\/post"}],"author":[{"embeddable":true,"href":"https:\/\/migracao.redenoticia.com.br\/noticia\/wp-json\/wp\/v2\/users\/4"}],"replies":[{"embeddable":true,"href":"https:\/\/migracao.redenoticia.com.br\/noticia\/wp-json\/wp\/v2\/comments?post=95788"}],"version-history":[{"count":0,"href":"https:\/\/migracao.redenoticia.com.br\/noticia\/wp-json\/wp\/v2\/posts\/95788\/revisions"}],"wp:featuredmedia":[{"embeddable":true,"href":"https:\/\/migracao.redenoticia.com.br\/noticia\/wp-json\/wp\/v2\/media\/81978"}],"wp:attachment":[{"href":"https:\/\/migracao.redenoticia.com.br\/noticia\/wp-json\/wp\/v2\/media?parent=95788"}],"wp:term":[{"taxonomy":"category","embeddable":true,"href":"https:\/\/migracao.redenoticia.com.br\/noticia\/wp-json\/wp\/v2\/categories?post=95788"},{"taxonomy":"post_tag","embeddable":true,"href":"https:\/\/migracao.redenoticia.com.br\/noticia\/wp-json\/wp\/v2\/tags?post=95788"}],"curies":[{"name":"wp","href":"https:\/\/api.w.org\/{rel}","templated":true}]}}