{"id":95807,"date":"2016-09-22T06:02:35","date_gmt":"2016-09-22T09:02:35","guid":{"rendered":"http:\/\/www.redenoticia.com.br\/noticia\/?p=95807"},"modified":"2016-09-21T20:58:32","modified_gmt":"2016-09-21T23:58:32","slug":"usp-tera-150-palestras-gratuitas-sobre-saude-mental","status":"publish","type":"post","link":"https:\/\/migracao.redenoticia.com.br\/noticia\/2016\/usp-tera-150-palestras-gratuitas-sobre-saude-mental\/95807","title":{"rendered":"USP ter\u00e1 150 palestras gratuitas sobre sa\u00fade mental"},"content":{"rendered":"<p> O Instituto de Psiquiatria do Hospital das Cl\u00ednicas da Faculdade de Medicina da USP vai realizar no dia 30 de setembro o evento gratuito &#8220;<strong><em>IPq Portas Abertas 2016<\/em><\/strong>&#8220;. O objetivo \u00e9 combater o preconceito associados aos transtornos mentais, levando informa\u00e7\u00e3o correta, atual e em linguagem acess\u00edvel a toda a sociedade.<\/p>\n<p>Para participar, os interessados devem realizar inscri\u00e7\u00e3o pelo , que conta com a program\u00e7\u00e3o completa. Ser\u00e3o debatidas quest\u00f5es como a rela\u00e7\u00e3o entre &#8220;\u00c1lcool e drogas no local de trabalho&#8221;, a &#8220;Epilepsia e qualidade de vida&#8221; e &#8220;Como identificar se um familiar idoso vem desenvolvendo algum tipo de dem\u00eancia e como proceder?&#8221;.<\/p>\n<p>No evento, a popula\u00e7\u00e3o ter\u00e1 acesso a mais de 150 palestras, ministradas por especialistas do Instituto, sobre os diferentes transtornos neuropsiqui\u00e1tricos como, por exemplo, a s\u00edndrome do p\u00e2nico, ansiedade, depress\u00e3o, transtorno obsessivo compulsivo (TOC), transtorno do d\u00e9ficit de aten\u00e7\u00e3o com hiperatividade (TDAH), autismo, esquizofrenia, Alzheimer, depend\u00eancia qu\u00edmica, sexualidade, depend\u00eancias tecnol\u00f3gicas (internet, celular,videogame), luto e muitos outros.<\/p>\n<p>SERVI\u00c7O<br \/>\nIPq Portas Abertas 2016<br \/>\nSexta-feira, 30 de setembro, das 8h30 \u00e0s 17h<br \/>\nInstituto de Psiquiatria (Rua Dr. Ov\u00eddio Pires de Campos, 785 &#8211; Cerqueira C\u00e9sar, S\u00e3o Paulo)<br \/>\n(11) 2661-7288 \/ 6267<br \/>\nInscri\u00e7\u00f5es:\u00a0eventos.ipq@hc.fm.usp.br<\/p>\n<p>Do Portal do Governo do Estado SP<\/p>\n","protected":false},"excerpt":{"rendered":"<p>O Instituto de Psiquiatria do Hospital das Cl\u00ednicas da Faculdade de Medicina da USP vai realizar no dia 30 de setembro o evento gratuito &#8220;IPq Portas Abertas 2016&#8220;. O objetivo \u00e9 combater o preconceito associados aos transtornos mentais, levando informa\u00e7\u00e3o correta, atual e em linguagem acess\u00edvel a toda a sociedade. Para participar, os interessados devem [&hellip;]<\/p>\n","protected":false},"author":2,"featured_media":37376,"comment_status":"open","ping_status":"closed","sticky":false,"template":"","format":"standard","meta":{"tdm_status":"","tdm_grid_status":"","footnotes":""},"categories":[22,5],"tags":[],"class_list":{"0":"post-95807","1":"post","2":"type-post","3":"status-publish","4":"format-standard","5":"has-post-thumbnail","7":"category-brasil","8":"category-saude-e-vida"},"_links":{"self":[{"href":"https:\/\/migracao.redenoticia.com.br\/noticia\/wp-json\/wp\/v2\/posts\/95807","targetHints":{"allow":["GET"]}}],"collection":[{"href":"https:\/\/migracao.redenoticia.com.br\/noticia\/wp-json\/wp\/v2\/posts"}],"about":[{"href":"https:\/\/migracao.redenoticia.com.br\/noticia\/wp-json\/wp\/v2\/types\/post"}],"author":[{"embeddable":true,"href":"https:\/\/migracao.redenoticia.com.br\/noticia\/wp-json\/wp\/v2\/users\/2"}],"replies":[{"embeddable":true,"href":"https:\/\/migracao.redenoticia.com.br\/noticia\/wp-json\/wp\/v2\/comments?post=95807"}],"version-history":[{"count":0,"href":"https:\/\/migracao.redenoticia.com.br\/noticia\/wp-json\/wp\/v2\/posts\/95807\/revisions"}],"wp:featuredmedia":[{"embeddable":true,"href":"https:\/\/migracao.redenoticia.com.br\/noticia\/wp-json\/wp\/v2\/media\/37376"}],"wp:attachment":[{"href":"https:\/\/migracao.redenoticia.com.br\/noticia\/wp-json\/wp\/v2\/media?parent=95807"}],"wp:term":[{"taxonomy":"category","embeddable":true,"href":"https:\/\/migracao.redenoticia.com.br\/noticia\/wp-json\/wp\/v2\/categories?post=95807"},{"taxonomy":"post_tag","embeddable":true,"href":"https:\/\/migracao.redenoticia.com.br\/noticia\/wp-json\/wp\/v2\/tags?post=95807"}],"curies":[{"name":"wp","href":"https:\/\/api.w.org\/{rel}","templated":true}]}}