{"id":95822,"date":"2016-09-22T16:15:05","date_gmt":"2016-09-22T19:15:05","guid":{"rendered":"http:\/\/www.redenoticia.com.br\/noticia\/?p=95822"},"modified":"2016-09-22T16:51:18","modified_gmt":"2016-09-22T19:51:18","slug":"novela-mar-de-amor-resumo-2309-coral-sofre-uma-de-suas-crises","status":"publish","type":"post","link":"https:\/\/migracao.redenoticia.com.br\/noticia\/2016\/novela-mar-de-amor-resumo-2309-coral-sofre-uma-de-suas-crises\/95822","title":{"rendered":"Novela \u201cMar de Amor\u201d resumo 23\/09: Tilico v\u00ea Coral sofrer com uma crise"},"content":{"rendered":"<p><img loading=\"lazy\" decoding=\"async\" class=\"alignleft size-thumbnail wp-image-86321\" src=\"https:\/\/migracao.redenoticia.com.br\/noticia\/imagens\/Mar_de_Amor_SBT_resumo_novela-150x112.jpg\" alt=\"Mar_de_Amor_SBT_resumo_novela\" width=\"150\" height=\"112\" srcset=\"https:\/\/migracao.redenoticia.com.br\/noticia\/imagens\/Mar_de_Amor_SBT_resumo_novela-150x112.jpg 150w, https:\/\/migracao.redenoticia.com.br\/noticia\/imagens\/Mar_de_Amor_SBT_resumo_novela-265x198.jpg 265w\" sizes=\"auto, (max-width: 150px) 100vw, 150px\" \/><strong><em>Novela \u201cMar de Amor\u201d resumo 23\/09<\/em><\/strong>:\u00a0Catalina e Leon comemoram, pois acreditam que Victor Manuel j\u00e1 est\u00e1 condenado. Em frente \u00e0 Simona, fazem planos de como v\u00e3o gastar o dinheiro de Victor. Simona pensa em uma forma de atrapalhar esses planos. Mais tarde, Coral est\u00e1 apenas com Tilico no apartamento e ela sofre uma de suas crises. O menino grita desesperado pelo auxilio dos vizinhos, que chamam uma ambul\u00e2ncia. No hospital, Oswaldo informa Moharidas que vai chegar o dia em que Catalina vai desejar estar morta, em vez de continuar a sentir tantas dores de cabe\u00e7a. <\/p>\n<p>No cap\u00edtulo 095(*), novela \u201cMar de Amor\u201d, sexta-feira, 23 de setembro \u2013 quando Frederica est\u00e1 depondo, Victor n\u00e3o suporta tanta mentira e grita que ela \u00e9 uma mentirosa. Luciana diz n\u00e3o estar a favor de declarar mentiras, e que neste caso nem ser\u00e1 necess\u00e1rio, pois est\u00e1 segura de estar do lado certo da justi\u00e7a.<\/p>\n<p>Catalina e Leon comemoram pensando que Victor Manuel j\u00e1 est\u00e1 condenado. Em frente a Simona, fazem planos de como gastar\u00e3o o dinheiro de Victor. Simona pensa em uma forma de atrapalhar esses planos. Estando apenas com Tilico no apartamento, Coral sofre uma de suas crises. O menino grita desesperado pelo auxilio dos vizinhos, que chamam uma ambul\u00e2ncia.<\/p>\n<p>Estrela menciona que Frederica n\u00e3o \u00e9 digna de credibilidade, pois j\u00e1 esteve presa. Mais tarde Rita \u00e9 interrogada. Ela declara que Hernan era um \u201csanto\u201d, e que ouviu em uma ocasi\u00e3o Victor o amea\u00e7ar de morte. Oswaldo informa Moharidas que vai chegar o dia em que Catalina desejar\u00e1 estar morta, em vez de continuar sentindo tantas dores de cabe\u00e7a.<\/p>\n<p>(*) edi\u00e7\u00e3o do SBT, Novela \u201cMar de Amor\u201d, sujeito a altera\u00e7\u00e3o de data e conte\u00fado.<\/p>\n","protected":false},"excerpt":{"rendered":"<p>Novela \u201cMar de Amor\u201d resumo 23\/09:\u00a0Catalina e Leon comemoram, pois acreditam que Victor Manuel j\u00e1 est\u00e1 condenado. Em frente \u00e0 Simona, fazem planos de como v\u00e3o gastar o dinheiro de Victor. Simona pensa em uma forma de atrapalhar esses planos. Mais tarde, Coral est\u00e1 apenas com Tilico no apartamento e ela sofre uma de suas [&hellip;]<\/p>\n","protected":false},"author":4,"featured_media":86321,"comment_status":"open","ping_status":"closed","sticky":false,"template":"","format":"standard","meta":{"tdm_status":"","tdm_grid_status":"","footnotes":""},"categories":[379,372,343],"tags":[441],"class_list":{"0":"post-95822","1":"post","2":"type-post","3":"status-publish","4":"format-standard","5":"has-post-thumbnail","7":"category-novelas","8":"category-sbt","9":"category-televisao","10":"tag-resumo-do-dia"},"_links":{"self":[{"href":"https:\/\/migracao.redenoticia.com.br\/noticia\/wp-json\/wp\/v2\/posts\/95822","targetHints":{"allow":["GET"]}}],"collection":[{"href":"https:\/\/migracao.redenoticia.com.br\/noticia\/wp-json\/wp\/v2\/posts"}],"about":[{"href":"https:\/\/migracao.redenoticia.com.br\/noticia\/wp-json\/wp\/v2\/types\/post"}],"author":[{"embeddable":true,"href":"https:\/\/migracao.redenoticia.com.br\/noticia\/wp-json\/wp\/v2\/users\/4"}],"replies":[{"embeddable":true,"href":"https:\/\/migracao.redenoticia.com.br\/noticia\/wp-json\/wp\/v2\/comments?post=95822"}],"version-history":[{"count":0,"href":"https:\/\/migracao.redenoticia.com.br\/noticia\/wp-json\/wp\/v2\/posts\/95822\/revisions"}],"wp:featuredmedia":[{"embeddable":true,"href":"https:\/\/migracao.redenoticia.com.br\/noticia\/wp-json\/wp\/v2\/media\/86321"}],"wp:attachment":[{"href":"https:\/\/migracao.redenoticia.com.br\/noticia\/wp-json\/wp\/v2\/media?parent=95822"}],"wp:term":[{"taxonomy":"category","embeddable":true,"href":"https:\/\/migracao.redenoticia.com.br\/noticia\/wp-json\/wp\/v2\/categories?post=95822"},{"taxonomy":"post_tag","embeddable":true,"href":"https:\/\/migracao.redenoticia.com.br\/noticia\/wp-json\/wp\/v2\/tags?post=95822"}],"curies":[{"name":"wp","href":"https:\/\/api.w.org\/{rel}","templated":true}]}}