{"id":95830,"date":"2016-09-22T20:15:49","date_gmt":"2016-09-22T23:15:49","guid":{"rendered":"http:\/\/www.redenoticia.com.br\/noticia\/?p=95830"},"modified":"2016-09-22T17:23:36","modified_gmt":"2016-09-22T20:23:36","slug":"novela-cumplices-de-um-resgate-resumo-2309-otavio-demite-frederico","status":"publish","type":"post","link":"https:\/\/migracao.redenoticia.com.br\/noticia\/2016\/novela-cumplices-de-um-resgate-resumo-2309-otavio-demite-frederico\/95830","title":{"rendered":"Novela \u201cC\u00famplices de um Resgate\u201d resumo 23\/09: Ot\u00e1vio demite Frederico"},"content":{"rendered":"<p><img loading=\"lazy\" decoding=\"async\" class=\"alignleft size-thumbnail wp-image-71351\" src=\"https:\/\/migracao.redenoticia.com.br\/noticia\/imagens\/cumplices_de_um_resgate_sbt_novela_resumo-150x112.jpg\" alt=\"cumplices_de_um_resgate_sbt_novela_resumo\" width=\"150\" height=\"112\" srcset=\"https:\/\/migracao.redenoticia.com.br\/noticia\/imagens\/cumplices_de_um_resgate_sbt_novela_resumo-150x112.jpg 150w, https:\/\/migracao.redenoticia.com.br\/noticia\/imagens\/cumplices_de_um_resgate_sbt_novela_resumo-265x198.jpg 265w\" sizes=\"auto, (max-width: 150px) 100vw, 150px\" \/><strong><em>Novela \u201cC\u00famplices de um Resgate\u201d resumo 23\/09<\/em><\/strong>:\u00a0Priscila conversa com Paola e diz que aceita o convite para ser vocalista da nova banda. Paola, que na verdade \u00e9 Regina, diz que Safira precisa assinar o contrato. Enquanto isso, na On-Enterprise, Taisa acusa Frederico de mentir e estar com o dinheiro do suposto assalto. Tomas refor\u00e7a o plano que bolou e conta para Ot\u00e1vio o que disse Taisa. Em reuni\u00e3o, Tomas faz Frederico mostrar a bolsa, onde se encontra o envelope com dinheiro. O plano de Tomas come\u00e7a a surtir efeito e Ot\u00e1vio pede para falar a s\u00f3s com o estilista. Ot\u00e1vio demite Frederico. <\/p>\n<p>No cap\u00edtulo 300(*), novela \u201cC\u00famplice de um Resgate\u201d, sexta-feira, 23 de setembro \u2013 Manuela vai embora da gravadora ao saber da inten\u00e7\u00e3o de Benjamim. A garota vai visitar Joaquim na cidade, mas n\u00e3o consegue falar com ele a tempo. Alicia e Vicente se reconciliam.<\/p>\n<p>Paola, que na verdade \u00e9 Regina, contrata Alicia para ser a sua governanta na mans\u00e3o. Luis denuncia os crimes do prefeito em meio a reuni\u00e3o com os moradores do Vilarejo dos Sonhos. Priscila conversa com Paola e diz que aceita o convite para ser vocalista da nova banda. Paola, que na verdade \u00e9 Regina, diz que Safira precisa assinar o contrato. Taisa acusa Frederico de ter mentido e estar com o dinheiro do suposto assalto.<\/p>\n<p>Tomas refor\u00e7a o plano que bolou e refor\u00e7a para Ot\u00e1vio o que disse Taisa. Em reuni\u00e3o, Tomas faz Frederico mostrar a bolsa, onde se encontra o envelope com dinheiro. O plano de Tomas come\u00e7a a surtir efeito e Ot\u00e1vio pede para falar a s\u00f3s com o estilista. Sabrina chora com seu av\u00f4, o prefeito, sendo preso. Ot\u00e1vio demite Frederico.<\/p>\n<p>(*) edi\u00e7\u00e3o do SBT, Novela \u201cC\u00famplices de um Resgate\u201d, sujeito a altera\u00e7\u00e3o de data e conte\u00fado.<\/p>\n","protected":false},"excerpt":{"rendered":"<p>Novela \u201cC\u00famplices de um Resgate\u201d resumo 23\/09:\u00a0Priscila conversa com Paola e diz que aceita o convite para ser vocalista da nova banda. Paola, que na verdade \u00e9 Regina, diz que Safira precisa assinar o contrato. Enquanto isso, na On-Enterprise, Taisa acusa Frederico de mentir e estar com o dinheiro do suposto assalto. Tomas refor\u00e7a o [&hellip;]<\/p>\n","protected":false},"author":4,"featured_media":71351,"comment_status":"open","ping_status":"closed","sticky":false,"template":"","format":"standard","meta":{"tdm_status":"","tdm_grid_status":"","footnotes":""},"categories":[379,372,343],"tags":[441],"class_list":{"0":"post-95830","1":"post","2":"type-post","3":"status-publish","4":"format-standard","5":"has-post-thumbnail","7":"category-novelas","8":"category-sbt","9":"category-televisao","10":"tag-resumo-do-dia"},"_links":{"self":[{"href":"https:\/\/migracao.redenoticia.com.br\/noticia\/wp-json\/wp\/v2\/posts\/95830","targetHints":{"allow":["GET"]}}],"collection":[{"href":"https:\/\/migracao.redenoticia.com.br\/noticia\/wp-json\/wp\/v2\/posts"}],"about":[{"href":"https:\/\/migracao.redenoticia.com.br\/noticia\/wp-json\/wp\/v2\/types\/post"}],"author":[{"embeddable":true,"href":"https:\/\/migracao.redenoticia.com.br\/noticia\/wp-json\/wp\/v2\/users\/4"}],"replies":[{"embeddable":true,"href":"https:\/\/migracao.redenoticia.com.br\/noticia\/wp-json\/wp\/v2\/comments?post=95830"}],"version-history":[{"count":0,"href":"https:\/\/migracao.redenoticia.com.br\/noticia\/wp-json\/wp\/v2\/posts\/95830\/revisions"}],"wp:featuredmedia":[{"embeddable":true,"href":"https:\/\/migracao.redenoticia.com.br\/noticia\/wp-json\/wp\/v2\/media\/71351"}],"wp:attachment":[{"href":"https:\/\/migracao.redenoticia.com.br\/noticia\/wp-json\/wp\/v2\/media?parent=95830"}],"wp:term":[{"taxonomy":"category","embeddable":true,"href":"https:\/\/migracao.redenoticia.com.br\/noticia\/wp-json\/wp\/v2\/categories?post=95830"},{"taxonomy":"post_tag","embeddable":true,"href":"https:\/\/migracao.redenoticia.com.br\/noticia\/wp-json\/wp\/v2\/tags?post=95830"}],"curies":[{"name":"wp","href":"https:\/\/api.w.org\/{rel}","templated":true}]}}