{"id":95832,"date":"2016-09-22T19:17:18","date_gmt":"2016-09-22T22:17:18","guid":{"rendered":"http:\/\/www.redenoticia.com.br\/noticia\/?p=95832"},"modified":"2016-09-22T20:38:44","modified_gmt":"2016-09-22T23:38:44","slug":"novela-escrava-mae-resumo-2309-maria-isabel-encosta-faca-no-pescoco-de-esmeria","status":"publish","type":"post","link":"https:\/\/migracao.redenoticia.com.br\/noticia\/2016\/novela-escrava-mae-resumo-2309-maria-isabel-encosta-faca-no-pescoco-de-esmeria\/95832","title":{"rendered":"Novela \u201cEscrava M\u00e3e\u201d resumo 23\/09: Maria Isabel encosta faca no pesco\u00e7o de Esm\u00e9ria"},"content":{"rendered":"<p><img loading=\"lazy\" decoding=\"async\" class=\"alignleft size-thumbnail wp-image-87037\" src=\"https:\/\/migracao.redenoticia.com.br\/noticia\/imagens\/escrava-mae-novela-resumo-150x112.jpg\" alt=\"escrava-mae-novela-resumo\" width=\"150\" height=\"112\" srcset=\"https:\/\/migracao.redenoticia.com.br\/noticia\/imagens\/escrava-mae-novela-resumo-150x112.jpg 150w, https:\/\/migracao.redenoticia.com.br\/noticia\/imagens\/escrava-mae-novela-resumo-265x198.jpg 265w\" sizes=\"auto, (max-width: 150px) 100vw, 150px\" \/><strong><em>Novela \u201cEscrava M\u00e3e\u201d resumo 23\/09<\/em><\/strong>: Catarina est\u00e1 na c\u00e2mara e Os\u00f3rio diz que pode ajuda-la tirar Esm\u00e9ria das m\u00e3os de Almeida. Esm\u00e9ria est\u00e1 ansiosa diante de Maria Isabel e pensa que ela ir\u00e1 autorizar sua venda. Maria Isabel n\u00e3o deixa Esm\u00e9ria partir. Esm\u00e9ria amea\u00e7a contar que foi ela que matou o coronel Cust\u00f3dio. Maria Isabel est\u00e1 espantada diante da amea\u00e7a de Esm\u00e9ria. Catarina desconfiada diante da proposta de Os\u00f3rio. Os\u00f3rio pede a Catarina que interfira na sua liberdade, em troca, ele pode forjar uma identifica\u00e7\u00e3o de Esm\u00e9ria como compra ilegal. Catarina conversa com Miguel que orienta n\u00e3o confiar em Os\u00f3rio. B\u00e1 Teixeira chega e diz que tem algo que pode ajudar a libertar Esm\u00e9ria. Maria Isabel encosta uma faca no pesco\u00e7o de Esm\u00e9ria.<\/p>\n<p>No capitulo 083 (*), novela \u201cEscrava M\u00e3e\u201d, sexta-feira, 23 de setembro &#8211; Rosalinda cospe no ch\u00e3o e Urraca se descontrola e voa em cima de Rosalinda e puxa seu cabelo e come\u00e7am a se estapear. Tito Pardo conversa com Esm\u00e9ria que n\u00e3o quer mais saber da condessa. Catarina avan\u00e7a para cima de Almeida e amea\u00e7a que se ele n\u00e3o libertar Esm\u00e9ria ela o mata. Rosalinda e Urraca se estapeiam e rolam pelo ch\u00e3o. Loreto se aproxima e apita para que parem. Guilherme conversa com Quintiliano que continua sem conseguir falar. Urraca e Rosalinda entram na pens\u00e3o. Gonzalinda est\u00e1 de olhos arregalados. Urraca agradece Rosalinda pela hospedagem. Tito Pardo orienta Catarina voltar outro dia para ver Esm\u00e9ria. Juliana pede que Catarina respeite o momento dela. Catarina faz que vai embora e Esm\u00e9ria entra e chama Catarina pelo nome de batismo. Elas se abra\u00e7am emocionadas. Filipa visita \u00c1tila e eles se beijam calorosamente. Tom\u00e1s chega e Filipa se assusta, eles n\u00e3o se veem. Loreto vai at\u00e9 a pens\u00e3o e entra no quarto. Urraca est\u00e1 na cama de Rosalinda completamente coberta. Loreto tira a farda e entra debaixo da coberta. <\/p>\n<p>Loreto agarra Urraca e grita ao ver que \u00e9 Urraca. Loreto cai da cama e tenta fugir, Urraca corre atr\u00e1s de Loreto pelo quarto, s\u00f3 de ceroulas. Rosalinda entra e depara com a situa\u00e7\u00e3o. Toz\u00e9 e Rebeca reagem com espanto do que ouvem de Catarina sobre Almeida n\u00e3o ter negociado a venda de Esm\u00e9ria. Miguel conversa com Teresa e pede que leve Juliana a festa que ter\u00e1 na vila, que \u00e9 o dia em que vai tentar fugir. Urraca vem de dentro e ouve tudo. Dr. Pacheco orienta Guilherme tirar Quintiliano um pouco da cama e diz que ele est\u00e1 fora de perigo. Catarina est\u00e1 na c\u00e2mara e Os\u00f3rio preso diz a Catarina que pode ajuda-la tirar Esm\u00e9ria das m\u00e3os de Almeida. Esm\u00e9ria est\u00e1 ansiosa diante de Maria Isabel que pensa que ela ir\u00e1 autorizar sua venda. Maria Isabel n\u00e3o deixa Esm\u00e9ria partir e Esm\u00e9ria amea\u00e7a que vai contar que foi ela que matou o coronel Cust\u00f3dio. Maria Isabel est\u00e1 espantada diante da amea\u00e7a de Esm\u00e9ria. Catarina desconfiada diante da proposta de Os\u00f3rio. Os\u00f3rio pede a Catarina que interfira na sua liberdade em troca ele pode forjar uma identifica\u00e7\u00e3o de Esm\u00e9ria como compra ilegal. Rosalinda desabafa com D\u00e1lia e Violeta enquanto tomam o desjejum. Esm\u00e9ria chantageia Maria Isabel que pede ajuda para se deitar. <\/p>\n<p>Esm\u00e9ria deita na cama e pede que Maria Isabel lhe sirva um copo d?\u00e1gua. Miguel encontra com Juliana e pede para encontra-lo a tarde e sai. Catarina encontra Almeida e pergunta qual o valor de Esm\u00e9ria. Almeida responde que a escrava n\u00e3o est\u00e1 \u00e0 venda. Catarina se ajoelha e se humilha para Almeida que a ignora. Irani arruma alguns produtos no armaz\u00e9m e Z\u00e9 Le\u00e3o chega ali. Filipa com o ba\u00fa de cartas de Joana nas m\u00e3os, diante de Quintiliano que est\u00e1 sentado em uma cadeira. Filipa l\u00ea uma das cartas e Quintiliano se agita, Filipa se espanta e para de ler. Gen\u00e9sio acorrentado e B\u00e1 Teixeira chega esbaforida com a bolsa nas m\u00e3os. Gen\u00e9sio pede a B\u00e1 Teixeira que entregue a pepita a Catarina. Nestor, D\u00e1lia e Belezinha encenam a pe\u00e7a de teatro e ficam constrangidos com a chegada de \u00c1tila. Dr. Pacheco examina Teresa e diz que est\u00e1 tudo bem. Dr. Pacheco revela que Almeida far\u00e1 uma homenagem a Cust\u00f3dio na festa da vila. Teresa se surpreende e troca um olhar com Juliana. Catarina conversa com Miguel que orienta n\u00e3o confiar em Os\u00f3rio. B\u00e1 Teixeira chega e diz que tem algo que pode ajudar a libertar Esm\u00e9ria. Esm\u00e9ria est\u00e1 sentada na cama enquanto Maria Isabel perto da bandeja de frutas. Maria Isabel vai servir frutas para Esm\u00e9ria e rapidamente encosta a faca no pesco\u00e7o de Esm\u00e9ria que se assusta. Esm\u00e9ria entra em p\u00e2nico.<\/p>\n<p>(*) edi\u00e7\u00e3o da Rede Record, Novela \u201cEscrava M\u00e3e\u201d, sujeito a altera\u00e7\u00e3o de data e conte\u00fado.<\/p>\n","protected":false},"excerpt":{"rendered":"<p>Novela \u201cEscrava M\u00e3e\u201d resumo 23\/09: Catarina est\u00e1 na c\u00e2mara e Os\u00f3rio diz que pode ajuda-la tirar Esm\u00e9ria das m\u00e3os de Almeida. Esm\u00e9ria est\u00e1 ansiosa diante de Maria Isabel e pensa que ela ir\u00e1 autorizar sua venda. Maria Isabel n\u00e3o deixa Esm\u00e9ria partir. Esm\u00e9ria amea\u00e7a contar que foi ela que matou o coronel Cust\u00f3dio. Maria Isabel [&hellip;]<\/p>\n","protected":false},"author":2,"featured_media":87037,"comment_status":"open","ping_status":"closed","sticky":false,"template":"","format":"standard","meta":{"tdm_status":"","tdm_grid_status":"","footnotes":""},"categories":[379,371,343],"tags":[441],"class_list":{"0":"post-95832","1":"post","2":"type-post","3":"status-publish","4":"format-standard","5":"has-post-thumbnail","7":"category-novelas","8":"category-rede-record","9":"category-televisao","10":"tag-resumo-do-dia"},"_links":{"self":[{"href":"https:\/\/migracao.redenoticia.com.br\/noticia\/wp-json\/wp\/v2\/posts\/95832","targetHints":{"allow":["GET"]}}],"collection":[{"href":"https:\/\/migracao.redenoticia.com.br\/noticia\/wp-json\/wp\/v2\/posts"}],"about":[{"href":"https:\/\/migracao.redenoticia.com.br\/noticia\/wp-json\/wp\/v2\/types\/post"}],"author":[{"embeddable":true,"href":"https:\/\/migracao.redenoticia.com.br\/noticia\/wp-json\/wp\/v2\/users\/2"}],"replies":[{"embeddable":true,"href":"https:\/\/migracao.redenoticia.com.br\/noticia\/wp-json\/wp\/v2\/comments?post=95832"}],"version-history":[{"count":0,"href":"https:\/\/migracao.redenoticia.com.br\/noticia\/wp-json\/wp\/v2\/posts\/95832\/revisions"}],"wp:featuredmedia":[{"embeddable":true,"href":"https:\/\/migracao.redenoticia.com.br\/noticia\/wp-json\/wp\/v2\/media\/87037"}],"wp:attachment":[{"href":"https:\/\/migracao.redenoticia.com.br\/noticia\/wp-json\/wp\/v2\/media?parent=95832"}],"wp:term":[{"taxonomy":"category","embeddable":true,"href":"https:\/\/migracao.redenoticia.com.br\/noticia\/wp-json\/wp\/v2\/categories?post=95832"},{"taxonomy":"post_tag","embeddable":true,"href":"https:\/\/migracao.redenoticia.com.br\/noticia\/wp-json\/wp\/v2\/tags?post=95832"}],"curies":[{"name":"wp","href":"https:\/\/api.w.org\/{rel}","templated":true}]}}