{"id":95837,"date":"2016-09-22T17:15:15","date_gmt":"2016-09-22T20:15:15","guid":{"rendered":"http:\/\/www.redenoticia.com.br\/noticia\/?p=95837"},"modified":"2016-09-22T16:53:59","modified_gmt":"2016-09-22T19:53:59","slug":"novela-abismo-da-paixao-resumo-2309-amiao-promete-que-vai-se-afastar-de-elisa","status":"publish","type":"post","link":"https:\/\/migracao.redenoticia.com.br\/noticia\/2016\/novela-abismo-da-paixao-resumo-2309-amiao-promete-que-vai-se-afastar-de-elisa\/95837","title":{"rendered":"Novela \u201cAbismo da Paix\u00e3o\u201d resumo 23\/09: Dami\u00e3o promete que vai se afastar de Elisa"},"content":{"rendered":"<p><img loading=\"lazy\" decoding=\"async\" class=\"alignleft size-thumbnail wp-image-81978\" src=\"https:\/\/migracao.redenoticia.com.br\/noticia\/imagens\/abismo_de_paixao_sbt_resumo_novela-150x112.jpg\" alt=\"abismo_de_paixao_sbt_resumo_novela\" width=\"150\" height=\"112\" srcset=\"https:\/\/migracao.redenoticia.com.br\/noticia\/imagens\/abismo_de_paixao_sbt_resumo_novela-150x112.jpg 150w, https:\/\/migracao.redenoticia.com.br\/noticia\/imagens\/abismo_de_paixao_sbt_resumo_novela-265x198.jpg 265w\" sizes=\"auto, (max-width: 150px) 100vw, 150px\" \/><strong><em>Novela \u201cAbismo da Paix\u00e3o\u201d resumo 23\/09<\/em><\/strong>: ap\u00f3s revelar que Dami\u00e3o e Gael s\u00e3o irm\u00e3os, Lupe diz a Almerinda que j\u00e1 n\u00e3o \u00e9 mais padre, pois rompeu com um segredo de confiss\u00e3o. Mais tarde, Dami\u00e3o conversa com Gael e diz que vai renunciar ao amor de Elisa para sempre. Dami\u00e3o promete que vai se afastar de Elisa para que ele possa ser feliz ao lado dela. Ele ainda afirma que vai partir do povoado, pois sua m\u00e3e n\u00e3o est\u00e1 bem.<\/p>\n<p>No cap\u00edtulo 130 (*), novela \u201cAbismo da Paix\u00e3o\u201d, sexta-feira, 23 de setembro \u2013 Almerinda responde que n\u00e3o \u00e9 justo que Ingrid tenha se metido em seu casamento. Lupe diz a Almerinda que j\u00e1 n\u00e3o \u00e9 mais padre, pois rompeu com um segredo de confiss\u00e3o ao revelar a verdade sobre sua origem a Gael. Dami\u00e3o diz a Gael que renunciar\u00e1 ao amor de Elisa para sempre. Dami\u00e3o promete a Gael que se afastar\u00e1 de Elisa para que ele possa ser feliz ao lado dela. Ele ainda afirma que partir\u00e1 do povoado, pois sua m\u00e3e n\u00e3o est\u00e1 bem. Henrique confessa a Paloma que est\u00e1 apaixonado por ela e pede para que se case com ele e permita colocar seu sobrenome em seu filho. Paloma se nega, j\u00e1 que ainda ama Gael. Ramona pede que Paloma que repense sobre sua decis\u00e3o quanto a Henrique, pois ele vale a pena.<\/p>\n<p>Dami\u00e3o deixa uma carta a Elisa explicando porque partiu sem se despedir. Elisa chora. Carmem adverte Padre Guadalupe que, nem porque ele j\u00e1 violou um segredo de confiss\u00e3o, tem o direito de revelar os seus segredos, pois ela \u00e9 capaz de tudo. Lucio faz Gael reconsiderar e falar com Padre Lupe.<\/p>\n<p>Gael procura o padre na igreja para pedir lhe perd\u00e3o por tudo que o fez sofrer. Lupe se nega a aceitar o pedido, dizendo que antes ele deve ser honesto com seus sentimentos e dizer a verdade a Elisa, pois ele a traiu primeiro. Paloma visita Gael para consol\u00e1-lo, mas ele pede que ela se afaste, j\u00e1 que ainda ama Elisa.<\/p>\n<p>(*) edi\u00e7\u00e3o do SBT, Novela \u201cAbismo da Paix\u00e3o\u201d, sujeito a altera\u00e7\u00e3o de data e conte\u00fado.<\/p>\n","protected":false},"excerpt":{"rendered":"<p>Novela \u201cAbismo da Paix\u00e3o\u201d resumo 23\/09: ap\u00f3s revelar que Dami\u00e3o e Gael s\u00e3o irm\u00e3os, Lupe diz a Almerinda que j\u00e1 n\u00e3o \u00e9 mais padre, pois rompeu com um segredo de confiss\u00e3o. Mais tarde, Dami\u00e3o conversa com Gael e diz que vai renunciar ao amor de Elisa para sempre. Dami\u00e3o promete que vai se afastar de [&hellip;]<\/p>\n","protected":false},"author":4,"featured_media":81978,"comment_status":"open","ping_status":"closed","sticky":false,"template":"","format":"standard","meta":{"tdm_status":"","tdm_grid_status":"","footnotes":""},"categories":[379,372,343],"tags":[441],"class_list":{"0":"post-95837","1":"post","2":"type-post","3":"status-publish","4":"format-standard","5":"has-post-thumbnail","7":"category-novelas","8":"category-sbt","9":"category-televisao","10":"tag-resumo-do-dia"},"_links":{"self":[{"href":"https:\/\/migracao.redenoticia.com.br\/noticia\/wp-json\/wp\/v2\/posts\/95837","targetHints":{"allow":["GET"]}}],"collection":[{"href":"https:\/\/migracao.redenoticia.com.br\/noticia\/wp-json\/wp\/v2\/posts"}],"about":[{"href":"https:\/\/migracao.redenoticia.com.br\/noticia\/wp-json\/wp\/v2\/types\/post"}],"author":[{"embeddable":true,"href":"https:\/\/migracao.redenoticia.com.br\/noticia\/wp-json\/wp\/v2\/users\/4"}],"replies":[{"embeddable":true,"href":"https:\/\/migracao.redenoticia.com.br\/noticia\/wp-json\/wp\/v2\/comments?post=95837"}],"version-history":[{"count":0,"href":"https:\/\/migracao.redenoticia.com.br\/noticia\/wp-json\/wp\/v2\/posts\/95837\/revisions"}],"wp:featuredmedia":[{"embeddable":true,"href":"https:\/\/migracao.redenoticia.com.br\/noticia\/wp-json\/wp\/v2\/media\/81978"}],"wp:attachment":[{"href":"https:\/\/migracao.redenoticia.com.br\/noticia\/wp-json\/wp\/v2\/media?parent=95837"}],"wp:term":[{"taxonomy":"category","embeddable":true,"href":"https:\/\/migracao.redenoticia.com.br\/noticia\/wp-json\/wp\/v2\/categories?post=95837"},{"taxonomy":"post_tag","embeddable":true,"href":"https:\/\/migracao.redenoticia.com.br\/noticia\/wp-json\/wp\/v2\/tags?post=95837"}],"curies":[{"name":"wp","href":"https:\/\/api.w.org\/{rel}","templated":true}]}}