{"id":95840,"date":"2016-09-22T20:26:39","date_gmt":"2016-09-22T23:26:39","guid":{"rendered":"http:\/\/www.redenoticia.com.br\/noticia\/?p=95840"},"modified":"2016-09-22T21:52:50","modified_gmt":"2016-09-23T00:52:50","slug":"novela-a-terra-prometida-resumo-2309-aruna-sofre-ao-lembrar-de-josue","status":"publish","type":"post","link":"https:\/\/migracao.redenoticia.com.br\/noticia\/2016\/novela-a-terra-prometida-resumo-2309-aruna-sofre-ao-lembrar-de-josue\/95840","title":{"rendered":"Novela \u201cA Terra Prometida\u201d resumo 23\/09: Aruna sofre ao lembrar de Josu\u00e9"},"content":{"rendered":"<p><img loading=\"lazy\" decoding=\"async\" class=\"alignleft size-thumbnail wp-image-89446\" src=\"https:\/\/migracao.redenoticia.com.br\/noticia\/imagens\/a-terra-prometida-novela-record-resumo-150x112.jpg\" alt=\"a-terra-prometida-novela-record-resumo\" width=\"150\" height=\"112\" srcset=\"https:\/\/migracao.redenoticia.com.br\/noticia\/imagens\/a-terra-prometida-novela-record-resumo-150x112.jpg 150w, https:\/\/migracao.redenoticia.com.br\/noticia\/imagens\/a-terra-prometida-novela-record-resumo-265x198.jpg 265w\" sizes=\"auto, (max-width: 150px) 100vw, 150px\" \/><strong><em>Novela \u201cA Terra Prometida\u201d resumo 23\/09<\/em><\/strong>: Aruna procura Josu\u00e9 e diz que est\u00e1 tudo terminado entre eles. O guerreiro hebreu a questiona. Ela diz que ainda n\u00e3o pode revelar o motivo. Samara e Adara disfar\u00e7am com a chegada de Aruna. Adara avisa \u00e0 Leia e Samara que ficar\u00e1 dormindo no quarto de Tobias. L\u00e9ia amea\u00e7a Adara. Aruna sofre ao lembrar de Josu\u00e9. Aruna avisa \u00e0 Adara sobre a decis\u00e3o de deixar Josu\u00e9. L\u00e9ia diz para Samara que uma hora conseguir\u00e3o se livrar da cananeia. <\/p>\n<p>No capitulo 058(*), novela \u201cA Terra Prometida\u201d, sexta-feira, 23 de setembro &#8211; Kalu prop\u00f5e uma vota\u00e7\u00e3o para a escolha do novo l\u00edder. Kalesi se irrita com o jeito atirado de Liora. Nob\u00e1 \u00e9 eleito o novo l\u00edder dos Lagartos Gosmentos. Adara pede para Quemuel n\u00e3o dizer nada a ningu\u00e9m sobre sua verdadeira identidade. Sandor encontra Tibar e revela estar sendo rejeitado por uma mulher de Jeric\u00f3. Nob\u00e1 diz que os Lagartos devem deixar Jeric\u00f3. Kalesi finalmente v\u00ea Raabe na estalagem. A rainha diz que a meretriz n\u00e3o perde por esperar. Aruna diz que o relacionamento entre ela e Josu\u00e9 est\u00e1 terminado. O guerreiro hebreu a questiona. Ela diz que ainda n\u00e3o pode revelar o motivo. Adara amea\u00e7a L\u00e9ia e Samara dizendo que todos devem pensar que ela \u00e9 uma hebreia. Marek procura pela rainha no pal\u00e1cio. <\/p>\n<p>Na estalagem, Kalesi fica furiosa ao ser convidada por Farduk para trabalhar no prost\u00edbulo. Nob\u00e1 fala sobre a invas\u00e3o dos hebreus com os outros Lagartos Gosmentos. Tibar alerta Sandor para o perigo que corre se envolvendo com a rainha. Samara se revolta com Adara e L\u00e9ia tenta acalm\u00e1-la. Nob\u00e1 diz que os Lagartos precisam bolar um plano de fuga. Tibar aconselha Sandor a fugir de Jeric\u00f3. L\u00e9ia, Samara e Adara disfar\u00e7am com a chegada de Aruna. Livana se abre com J\u00e9ssica e revela seu amor por Maquir. Adara avisa \u00e0 Leia e Samara que ficar\u00e1 dormindo no quarto de Tobias. J\u00e9ssica aconselha Livana a esquecer Maquir. Samara tenta descobrir se Aruna terminou o relacionamento com Josu\u00e9. Salmon se recorda de Raabe mais uma vez. Kalesi retorna ao pal\u00e1cio e engana Marek sobre seu paradeiro. Sandor vai atr\u00e1s de Raabe na estalagem. L\u00e9ia amea\u00e7a Adara. Sandor pede um beijo \u00e0 Raabe, mas ela se recusa dizendo que o rapaz dever\u00e1 pagar para beij\u00e1-la. Ele fica aborrecido e d\u00e1 adeus \u00e0 mo\u00e7a. <\/p>\n<p>Aruna sofre ao lembrar de Josu\u00e9. O l\u00edder hebreu discursa para o povo. Josu\u00e9 relembra a saga dos filhos de Israel. Jovens e crian\u00e7as dizem que est\u00e3o prontos para a circuncis\u00e3o. Aruna avisa \u00e0 Adara sobre a decis\u00e3o de deixar Josu\u00e9. L\u00e9ia diz para Samara que uma hora conseguir\u00e3o se livrar da cananeia. No Monte Prep\u00facio, Josu\u00e9 e Eleazar falam sobre a circuncis\u00e3o para os hebreus. Os jovens come\u00e7am a se preparar para a alian\u00e7a com Deus. Sama se decepciona ao descobrir que n\u00e3o est\u00e1 gr\u00e1vida. Circuncidado, Zaqueu recebe os cuidados de Chaia. Jessana elogia a coragem de El\u00f3i. Ion\u00e1 ampara El\u00f3i. Marek diz que tem decis\u00f5es importantes a tomar. Raabe \u00e9 humilhada por Orias. O \u00faltimo hebreu \u00e9 circuncidado. Deus fala com Josu\u00e9. O Senhor avisa que a humilha\u00e7\u00e3o vivida pelo povo de Israel no Egito foi removida.<\/p>\n<p>(*) edi\u00e7\u00e3o da Rede Record, Novela \u201cA Terra Prometida\u201d, sujeito a altera\u00e7\u00e3o de data e conte\u00fado.<\/p>\n","protected":false},"excerpt":{"rendered":"<p>Novela \u201cA Terra Prometida\u201d resumo 23\/09: Aruna procura Josu\u00e9 e diz que est\u00e1 tudo terminado entre eles. O guerreiro hebreu a questiona. Ela diz que ainda n\u00e3o pode revelar o motivo. Samara e Adara disfar\u00e7am com a chegada de Aruna. Adara avisa \u00e0 Leia e Samara que ficar\u00e1 dormindo no quarto de Tobias. L\u00e9ia amea\u00e7a [&hellip;]<\/p>\n","protected":false},"author":2,"featured_media":89446,"comment_status":"open","ping_status":"closed","sticky":false,"template":"","format":"standard","meta":{"tdm_status":"","tdm_grid_status":"","footnotes":""},"categories":[446,379,371,343],"tags":[441],"class_list":{"0":"post-95840","1":"post","2":"type-post","3":"status-publish","4":"format-standard","5":"has-post-thumbnail","7":"category-a-terra-prometida","8":"category-novelas","9":"category-rede-record","10":"category-televisao","11":"tag-resumo-do-dia"},"_links":{"self":[{"href":"https:\/\/migracao.redenoticia.com.br\/noticia\/wp-json\/wp\/v2\/posts\/95840","targetHints":{"allow":["GET"]}}],"collection":[{"href":"https:\/\/migracao.redenoticia.com.br\/noticia\/wp-json\/wp\/v2\/posts"}],"about":[{"href":"https:\/\/migracao.redenoticia.com.br\/noticia\/wp-json\/wp\/v2\/types\/post"}],"author":[{"embeddable":true,"href":"https:\/\/migracao.redenoticia.com.br\/noticia\/wp-json\/wp\/v2\/users\/2"}],"replies":[{"embeddable":true,"href":"https:\/\/migracao.redenoticia.com.br\/noticia\/wp-json\/wp\/v2\/comments?post=95840"}],"version-history":[{"count":0,"href":"https:\/\/migracao.redenoticia.com.br\/noticia\/wp-json\/wp\/v2\/posts\/95840\/revisions"}],"wp:featuredmedia":[{"embeddable":true,"href":"https:\/\/migracao.redenoticia.com.br\/noticia\/wp-json\/wp\/v2\/media\/89446"}],"wp:attachment":[{"href":"https:\/\/migracao.redenoticia.com.br\/noticia\/wp-json\/wp\/v2\/media?parent=95840"}],"wp:term":[{"taxonomy":"category","embeddable":true,"href":"https:\/\/migracao.redenoticia.com.br\/noticia\/wp-json\/wp\/v2\/categories?post=95840"},{"taxonomy":"post_tag","embeddable":true,"href":"https:\/\/migracao.redenoticia.com.br\/noticia\/wp-json\/wp\/v2\/tags?post=95840"}],"curies":[{"name":"wp","href":"https:\/\/api.w.org\/{rel}","templated":true}]}}