{"id":95841,"date":"2016-09-22T21:00:17","date_gmt":"2016-09-23T00:00:17","guid":{"rendered":"http:\/\/www.redenoticia.com.br\/noticia\/?p=95841"},"modified":"2016-09-22T17:27:43","modified_gmt":"2016-09-22T20:27:43","slug":"novela-velho-chico-resumo-2309-santo-fica-pasmo-com-a-confissao-de-afranio","status":"publish","type":"post","link":"https:\/\/migracao.redenoticia.com.br\/noticia\/2016\/novela-velho-chico-resumo-2309-santo-fica-pasmo-com-a-confissao-de-afranio\/95841","title":{"rendered":"Novela \u201cVelho Chico\u201d resumo 23\/09: Santo fica chocado com a confiss\u00e3o de Afr\u00e2nio"},"content":{"rendered":"<p><img loading=\"lazy\" decoding=\"async\" class=\"alignleft size-thumbnail wp-image-82169\" src=\"https:\/\/migracao.redenoticia.com.br\/noticia\/imagens\/velho_chico_novela_resumo_globo-150x112.jpg\" alt=\"velho_chico_novela_resumo_globo\" width=\"150\" height=\"112\" srcset=\"https:\/\/migracao.redenoticia.com.br\/noticia\/imagens\/velho_chico_novela_resumo_globo-150x112.jpg 150w, https:\/\/migracao.redenoticia.com.br\/noticia\/imagens\/velho_chico_novela_resumo_globo-265x198.jpg 265w\" sizes=\"auto, (max-width: 150px) 100vw, 150px\" \/><strong><em>Novela \u201cVelho Chico\u201d resumo 23\/09<\/em><\/strong>:\u00a0Doninha est\u00e1 a conversar com C\u00edcero na cozinha quando escuta o sino ecoar na fazenda de S\u00e1 Ribeiro. A cozinheira espia pela janela e leva um susto ao ver que \u00e9 Santo. O jagun\u00e7o tamb\u00e9m estranha a presen\u00e7a do rival da fam\u00edlia e deixa claro para a m\u00e3e n\u00e3o se meter e que ele vai resolver isso. Afr\u00e2nio toma a frente da situa\u00e7\u00e3o e, pessoalmente, vai receber o visitante. Sem saber o motivo da visita de Santo, ele o recebe com uma arma apontada. Santo n\u00e3o se intimida com a amea\u00e7a e diz que o melhor seria colocar um fim na guerra entre os S\u00e1 Ribeiro e os Dos Anjos. Santo diz que est\u00e1 ali por causa de Martim e mostra ao coronel as fotos tiradas por seu filho. Afr\u00e2nio fica arrasado ao saber que algo aconteceu a seu filho e promete se vingar de quem deu sumi\u00e7o em Martim. O agricultor resolve deixar a fazenda, mas \u00e9 surpreendido com uma declara\u00e7\u00e3o de arrependimento do coronel. Santo fica pasmo com a confiss\u00e3o de Afr\u00e2nio.<\/p>\n<p>No cap\u00edtulo 167(*), novela \u201cVelho Chico\u201d, sexta-feira, 23 de setembro \u2013 Afr\u00e2nio amea\u00e7a Santo, que mostra ao coronel as fotos tiradas por Martim. Doninha e C\u00edcero se preocupam com o estado de Afr\u00e2nio. Matilde encoraja Iolanda a voltar a cantar.<\/p>\n<p>Afr\u00e2nio amea\u00e7a a vida de Carlos. Dalva canta no bar de Chico Criatura, acompanhada por Fa\u00edsca. Tereza confronta Afr\u00e2nio, que afirma \u00e0 filha que encontrar\u00e1 Martim. Carlos alerta Queiroz sobre as inten\u00e7\u00f5es do coronel.<\/p>\n<p>(*) edi\u00e7\u00e3o da Rede Globo, Novela \u201cVelho Chico\u201d, sujeito a altera\u00e7\u00e3o de data e conte\u00fado.<\/p>\n","protected":false},"excerpt":{"rendered":"<p>Novela \u201cVelho Chico\u201d resumo 23\/09:\u00a0Doninha est\u00e1 a conversar com C\u00edcero na cozinha quando escuta o sino ecoar na fazenda de S\u00e1 Ribeiro. A cozinheira espia pela janela e leva um susto ao ver que \u00e9 Santo. O jagun\u00e7o tamb\u00e9m estranha a presen\u00e7a do rival da fam\u00edlia e deixa claro para a m\u00e3e n\u00e3o se meter [&hellip;]<\/p>\n","protected":false},"author":4,"featured_media":82169,"comment_status":"open","ping_status":"closed","sticky":false,"template":"","format":"standard","meta":{"tdm_status":"","tdm_grid_status":"","footnotes":""},"categories":[379,375,343],"tags":[441],"class_list":{"0":"post-95841","1":"post","2":"type-post","3":"status-publish","4":"format-standard","5":"has-post-thumbnail","7":"category-novelas","8":"category-rede-globo","9":"category-televisao","10":"tag-resumo-do-dia"},"_links":{"self":[{"href":"https:\/\/migracao.redenoticia.com.br\/noticia\/wp-json\/wp\/v2\/posts\/95841","targetHints":{"allow":["GET"]}}],"collection":[{"href":"https:\/\/migracao.redenoticia.com.br\/noticia\/wp-json\/wp\/v2\/posts"}],"about":[{"href":"https:\/\/migracao.redenoticia.com.br\/noticia\/wp-json\/wp\/v2\/types\/post"}],"author":[{"embeddable":true,"href":"https:\/\/migracao.redenoticia.com.br\/noticia\/wp-json\/wp\/v2\/users\/4"}],"replies":[{"embeddable":true,"href":"https:\/\/migracao.redenoticia.com.br\/noticia\/wp-json\/wp\/v2\/comments?post=95841"}],"version-history":[{"count":0,"href":"https:\/\/migracao.redenoticia.com.br\/noticia\/wp-json\/wp\/v2\/posts\/95841\/revisions"}],"wp:featuredmedia":[{"embeddable":true,"href":"https:\/\/migracao.redenoticia.com.br\/noticia\/wp-json\/wp\/v2\/media\/82169"}],"wp:attachment":[{"href":"https:\/\/migracao.redenoticia.com.br\/noticia\/wp-json\/wp\/v2\/media?parent=95841"}],"wp:term":[{"taxonomy":"category","embeddable":true,"href":"https:\/\/migracao.redenoticia.com.br\/noticia\/wp-json\/wp\/v2\/categories?post=95841"},{"taxonomy":"post_tag","embeddable":true,"href":"https:\/\/migracao.redenoticia.com.br\/noticia\/wp-json\/wp\/v2\/tags?post=95841"}],"curies":[{"name":"wp","href":"https:\/\/api.w.org\/{rel}","templated":true}]}}