{"id":95845,"date":"2016-09-22T19:36:05","date_gmt":"2016-09-22T22:36:05","guid":{"rendered":"http:\/\/www.redenoticia.com.br\/noticia\/?p=95845"},"modified":"2016-09-23T16:11:32","modified_gmt":"2016-09-23T19:11:32","slug":"novela-sila-resumo-2309-a-familia-de-feride-a-ve-com-abay-e-decide-puni-la","status":"publish","type":"post","link":"https:\/\/migracao.redenoticia.com.br\/noticia\/2016\/novela-sila-resumo-2309-a-familia-de-feride-a-ve-com-abay-e-decide-puni-la\/95845","title":{"rendered":"Novela \u201cSila\u201d resumo 23\/09: a fam\u00edlia de Feride a v\u00ea com Abay e decide puni-la"},"content":{"rendered":"<p><img loading=\"lazy\" decoding=\"async\" class=\"alignleft size-thumbnail wp-image-83098\" src=\"https:\/\/migracao.redenoticia.com.br\/noticia\/imagens\/sila_band_novela_resumo_capitulo-150x112.jpg\" alt=\"sila_band_novela_resumo_capitulo\" width=\"150\" height=\"112\" srcset=\"https:\/\/migracao.redenoticia.com.br\/noticia\/imagens\/sila_band_novela_resumo_capitulo-150x112.jpg 150w, https:\/\/migracao.redenoticia.com.br\/noticia\/imagens\/sila_band_novela_resumo_capitulo-265x198.jpg 265w\" sizes=\"auto, (max-width: 150px) 100vw, 150px\" \/><strong><em> Novela \u201cSila\u201d resumo 23\/09<\/em><\/strong>: Feride diz a Narin que quer arrumar um emprego e conta que j\u00e1 confeccionou j\u00f3ias para a empresa do pai. Abay d\u00e1 uma j\u00f3ia para a filha de Narin, confeccionada em sua empresa. Narin comenta com Abay sobre o desejo de Feride e ele promete que vai ajud\u00e1-la. Feride consegue um emprego na empresa de Abay. No dia seguinte, Feride sai com Abay para o seu primeiro dia de trabalho. A fam\u00edlia de Feride a v\u00ea com Abay e decide puni-la.<\/p>\n<p>No capitulo 150 (*), novela \u201cSila\u201d, sexta-feira, 23 de setembro &#8211; Boran conta a Sila que a testemunha mudou o depoimento contra Berzan. Celil \u00e9 seguido por um estranho. Feride sai com Abay para o seu primeiro dia de trabalho. Dilaver exige que Esma pe\u00e7a demiss\u00e3o da empresa, mas ela se nega. Esma sofre um acidente e vai para o hospital. Esma perde o beb\u00ea. A fam\u00edlia de Feride a v\u00ea com Abay e decide puni-la. Ayse diz a Sila que quer ir embora. Berzan segue Sila e Boran pela estrada. No entanto, Boran perde a paci\u00eancia e o confronta. Boran aponta sua arma para o vil\u00e3o.<\/p>\n<p> Berzan e Boran se encaram e Sila fica furiosa. Berzan liga para Boran e amea\u00e7a Abay. Berzan visita Esma no hospital. Abay sofre um atentado no meio da rua. Boran chama a aten\u00e7\u00e3o de seus homens por n\u00e3o terem protegido Abay. Esma culpa Sila pela perda do beb\u00ea. Ela jura vingan\u00e7a por causa da grande dor que sente. <\/p>\n<p> Dilaver decide ir embora de Istambul. Lucine chega a Istambul para visitar o irm\u00e3o, Abay. Esma recebe alta do hospital, mas est\u00e1 com a sa\u00fade mental alterada. O tio de Feride conversa com Berzan sobre recuperar a honra da fam\u00edlia. <\/p>\n<p>(*) edi\u00e7\u00e3o da Band, Novela \u201cSila\u201d, sujeito a altera\u00e7\u00e3o de data e conte\u00fado. <\/p>\n","protected":false},"excerpt":{"rendered":"<p>Novela \u201cSila\u201d resumo 23\/09: Feride diz a Narin que quer arrumar um emprego e conta que j\u00e1 confeccionou j\u00f3ias para a empresa do pai. Abay d\u00e1 uma j\u00f3ia para a filha de Narin, confeccionada em sua empresa. Narin comenta com Abay sobre o desejo de Feride e ele promete que vai ajud\u00e1-la. Feride consegue um [&hellip;]<\/p>\n","protected":false},"author":2,"featured_media":83098,"comment_status":"open","ping_status":"closed","sticky":false,"template":"","format":"standard","meta":{"tdm_status":"","tdm_grid_status":"","footnotes":""},"categories":[390,379,343],"tags":[441],"class_list":{"0":"post-95845","1":"post","2":"type-post","3":"status-publish","4":"format-standard","5":"has-post-thumbnail","7":"category-band","8":"category-novelas","9":"category-televisao","10":"tag-resumo-do-dia"},"_links":{"self":[{"href":"https:\/\/migracao.redenoticia.com.br\/noticia\/wp-json\/wp\/v2\/posts\/95845","targetHints":{"allow":["GET"]}}],"collection":[{"href":"https:\/\/migracao.redenoticia.com.br\/noticia\/wp-json\/wp\/v2\/posts"}],"about":[{"href":"https:\/\/migracao.redenoticia.com.br\/noticia\/wp-json\/wp\/v2\/types\/post"}],"author":[{"embeddable":true,"href":"https:\/\/migracao.redenoticia.com.br\/noticia\/wp-json\/wp\/v2\/users\/2"}],"replies":[{"embeddable":true,"href":"https:\/\/migracao.redenoticia.com.br\/noticia\/wp-json\/wp\/v2\/comments?post=95845"}],"version-history":[{"count":0,"href":"https:\/\/migracao.redenoticia.com.br\/noticia\/wp-json\/wp\/v2\/posts\/95845\/revisions"}],"wp:featuredmedia":[{"embeddable":true,"href":"https:\/\/migracao.redenoticia.com.br\/noticia\/wp-json\/wp\/v2\/media\/83098"}],"wp:attachment":[{"href":"https:\/\/migracao.redenoticia.com.br\/noticia\/wp-json\/wp\/v2\/media?parent=95845"}],"wp:term":[{"taxonomy":"category","embeddable":true,"href":"https:\/\/migracao.redenoticia.com.br\/noticia\/wp-json\/wp\/v2\/categories?post=95845"},{"taxonomy":"post_tag","embeddable":true,"href":"https:\/\/migracao.redenoticia.com.br\/noticia\/wp-json\/wp\/v2\/tags?post=95845"}],"curies":[{"name":"wp","href":"https:\/\/api.w.org\/{rel}","templated":true}]}}