{"id":95847,"date":"2016-09-22T18:10:57","date_gmt":"2016-09-22T21:10:57","guid":{"rendered":"http:\/\/www.redenoticia.com.br\/noticia\/?p=95847"},"modified":"2016-09-22T17:11:07","modified_gmt":"2016-09-22T20:11:07","slug":"novela-sol-nascente-resumo-2309-sinha-conhece-alice-e-sua-familia","status":"publish","type":"post","link":"https:\/\/migracao.redenoticia.com.br\/noticia\/2016\/novela-sol-nascente-resumo-2309-sinha-conhece-alice-e-sua-familia\/95847","title":{"rendered":"Novela \u201cSol Nascente\u201d resumo 23\/09: Damasceno engana Geppina"},"content":{"rendered":"<p><img loading=\"lazy\" decoding=\"async\" class=\"alignleft size-thumbnail wp-image-91714\" src=\"https:\/\/migracao.redenoticia.com.br\/noticia\/imagens\/sol_nascente_resumo_novela_globo-150x112.jpg\" alt=\"sol_nascente_resumo_novela_globo\" width=\"150\" height=\"112\" srcset=\"https:\/\/migracao.redenoticia.com.br\/noticia\/imagens\/sol_nascente_resumo_novela_globo-150x112.jpg 150w, https:\/\/migracao.redenoticia.com.br\/noticia\/imagens\/sol_nascente_resumo_novela_globo-265x198.jpg 265w\" sizes=\"auto, (max-width: 150px) 100vw, 150px\" \/><strong><em>Novela \u201cSol Nascente\u201d resumo 23\/09<\/em><\/strong>:\u00a0Damasceno e\u00a0Elisa chegam a Arraial de Sol Nascente para procurar por\u00a0Geppina e Gaetano, o casal que saiu da It\u00e1lia fugindo da m\u00e1fia h\u00e1 mais de 50 anos. Na pousada Marseille, administrada por\u00a0Ana Clara, s\u00f3 tem um quarto dispon\u00edvel. N\u00e3o tem jeito: v\u00e3o ter que dividir. Claro que toda essa intimidade for\u00e7ada entre a dupla n\u00e3o \u00e9 nada confort\u00e1vel para a beata. Assim que os dois chegam \u00e0 su\u00edte, Elisa j\u00e1 revela quais s\u00e3o seus planos: tomar um bom banho e partir para a praia, para poder aproveitar o dia lindo de sol. Basta ouvir essas palavrinhas m\u00e1gicas para que Damasceno fique animado. Damasceno se apresenta a Geppina como neto de sua prima Donata e, assim, ele conhece toda a fam\u00edlia. <\/p>\n<p>No cap\u00edtulo 022(*), novela \u201cSol Nascente\u201d, sexta-feira, 23 de setembro \u2013 Geppina acredita que Damasceno \u00e9 neto de sua prima Donata. Alice se explica para Cesar, que sente ci\u00fames de Mario. Damasceno conhece toda a fam\u00edlia de Geppina. Lenita descobre que Chica \u00e9 casada com Quirino.<\/p>\n<p>Carolina garante a Cesar que far\u00e1 com que Mario se apaixone por ela. Milena pede ajuda a Lenita para se livrar do vestido que Vittorio lhe comprou. Chica exige que Tiago se afaste de Yumi.<\/p>\n<p>Tiago garante que ama Dora. Carolina se aproxima de Mario. Sinh\u00e1 conhece Alice e sua fam\u00edlia.<\/p>\n<p>(*) edi\u00e7\u00e3o da Rede Globo, Novela \u201cSol Nascente\u201d, sujeito a altera\u00e7\u00e3o de data e conte\u00fado.<\/p>\n","protected":false},"excerpt":{"rendered":"<p>Novela \u201cSol Nascente\u201d resumo 23\/09:\u00a0Damasceno e\u00a0Elisa chegam a Arraial de Sol Nascente para procurar por\u00a0Geppina e Gaetano, o casal que saiu da It\u00e1lia fugindo da m\u00e1fia h\u00e1 mais de 50 anos. Na pousada Marseille, administrada por\u00a0Ana Clara, s\u00f3 tem um quarto dispon\u00edvel. N\u00e3o tem jeito: v\u00e3o ter que dividir. Claro que toda essa intimidade for\u00e7ada [&hellip;]<\/p>\n","protected":false},"author":4,"featured_media":91714,"comment_status":"open","ping_status":"closed","sticky":false,"template":"","format":"standard","meta":{"tdm_status":"","tdm_grid_status":"","footnotes":""},"categories":[379,375,343],"tags":[441],"class_list":{"0":"post-95847","1":"post","2":"type-post","3":"status-publish","4":"format-standard","5":"has-post-thumbnail","7":"category-novelas","8":"category-rede-globo","9":"category-televisao","10":"tag-resumo-do-dia"},"_links":{"self":[{"href":"https:\/\/migracao.redenoticia.com.br\/noticia\/wp-json\/wp\/v2\/posts\/95847","targetHints":{"allow":["GET"]}}],"collection":[{"href":"https:\/\/migracao.redenoticia.com.br\/noticia\/wp-json\/wp\/v2\/posts"}],"about":[{"href":"https:\/\/migracao.redenoticia.com.br\/noticia\/wp-json\/wp\/v2\/types\/post"}],"author":[{"embeddable":true,"href":"https:\/\/migracao.redenoticia.com.br\/noticia\/wp-json\/wp\/v2\/users\/4"}],"replies":[{"embeddable":true,"href":"https:\/\/migracao.redenoticia.com.br\/noticia\/wp-json\/wp\/v2\/comments?post=95847"}],"version-history":[{"count":0,"href":"https:\/\/migracao.redenoticia.com.br\/noticia\/wp-json\/wp\/v2\/posts\/95847\/revisions"}],"wp:featuredmedia":[{"embeddable":true,"href":"https:\/\/migracao.redenoticia.com.br\/noticia\/wp-json\/wp\/v2\/media\/91714"}],"wp:attachment":[{"href":"https:\/\/migracao.redenoticia.com.br\/noticia\/wp-json\/wp\/v2\/media?parent=95847"}],"wp:term":[{"taxonomy":"category","embeddable":true,"href":"https:\/\/migracao.redenoticia.com.br\/noticia\/wp-json\/wp\/v2\/categories?post=95847"},{"taxonomy":"post_tag","embeddable":true,"href":"https:\/\/migracao.redenoticia.com.br\/noticia\/wp-json\/wp\/v2\/tags?post=95847"}],"curies":[{"name":"wp","href":"https:\/\/api.w.org\/{rel}","templated":true}]}}