{"id":95851,"date":"2016-09-22T17:50:40","date_gmt":"2016-09-22T20:50:40","guid":{"rendered":"http:\/\/www.redenoticia.com.br\/noticia\/?p=95851"},"modified":"2016-09-22T17:08:28","modified_gmt":"2016-09-22T20:08:28","slug":"novela-malhacao-resumo-2309-joana-se-surpreende-ao-ver-ricardo-na-casa-de-tania","status":"publish","type":"post","link":"https:\/\/migracao.redenoticia.com.br\/noticia\/2016\/novela-malhacao-resumo-2309-joana-se-surpreende-ao-ver-ricardo-na-casa-de-tania\/95851","title":{"rendered":"Novela \u201cMalha\u00e7\u00e3o\u201d resumo 23\/09: Joana v\u00ea Ricardo na casa de T\u00e2nia"},"content":{"rendered":"<p><img loading=\"lazy\" decoding=\"async\" class=\"alignleft size-thumbnail wp-image-91715\" src=\"https:\/\/migracao.redenoticia.com.br\/noticia\/imagens\/malhacao_pro_dia_nascer_feliz_resumo_novela-150x112.jpg\" alt=\"malhacao_pro_dia_nascer_feliz_resumo_novela\" width=\"150\" height=\"112\" srcset=\"https:\/\/migracao.redenoticia.com.br\/noticia\/imagens\/malhacao_pro_dia_nascer_feliz_resumo_novela-150x112.jpg 150w, https:\/\/migracao.redenoticia.com.br\/noticia\/imagens\/malhacao_pro_dia_nascer_feliz_resumo_novela-265x198.jpg 265w\" sizes=\"auto, (max-width: 150px) 100vw, 150px\" \/><strong><em>Novela \u201cMalha\u00e7\u00e3o\u201d resumo 23\/09<\/em><\/strong>:\u00a0Caio decide que\u00a0Gabriel e Giovane n\u00e3o v\u00e3o jogar na pr\u00f3xima etapa do campeonato e conta a novidade para\u00a0Joana. A garota fica feliz e diz que ele n\u00e3o vai mais brigar com Ricardo. S\u00f3 que o treinador n\u00e3o fica muito otimista. \u00c9 s\u00f3 a menina perguntar o real motivo para tantas brigas para Caio desabafar. Ele diz que Ricardo \u00e9 o culpado pela morte de sua irm\u00e3. Joana se surpreende com a afirma\u00e7\u00e3o de Caio. Mais tarde, Joana v\u00ea Ricardo na casa de T\u00e2nia.<\/p>\n<p>No cap\u00edtulo 025(*), novela \u201cMalha\u00e7\u00e3o\u201d, sexta-feira, 23 de setembro \u2013 Joana se surpreende com a afirma\u00e7\u00e3o de Caio. Giovane aconselha Gabriel a respeitar B\u00e1rbara e Joana. Juliana se irrita com os beijos de Jab\u00e1.<\/p>\n<p>B\u00e1rbara oferece uma promo\u00e7\u00e3o a Joana, mas exige que a menina se afaste de Gabriel. Nascem os filhos de Krica e Cleyton. Belloto se aproxima de Irene e Jorj\u00e3o se incomoda.<\/p>\n<p>Nanda socorre R\u00f4mulo com a administra\u00e7\u00e3o do hostel. Juliana evita os carinhos de Giovane. Joana se surpreende ao ver Ricardo na casa de T\u00e2nia.<\/p>\n<p>(*) edi\u00e7\u00e3o da Rede Globo, Novela \u201cMalha\u00e7\u00e3o\u201d, sujeito a altera\u00e7\u00e3o de data e conte\u00fado.<\/p>\n","protected":false},"excerpt":{"rendered":"<p>Novela \u201cMalha\u00e7\u00e3o\u201d resumo 23\/09:\u00a0Caio decide que\u00a0Gabriel e Giovane n\u00e3o v\u00e3o jogar na pr\u00f3xima etapa do campeonato e conta a novidade para\u00a0Joana. A garota fica feliz e diz que ele n\u00e3o vai mais brigar com Ricardo. S\u00f3 que o treinador n\u00e3o fica muito otimista. \u00c9 s\u00f3 a menina perguntar o real motivo para tantas brigas para [&hellip;]<\/p>\n","protected":false},"author":4,"featured_media":91715,"comment_status":"open","ping_status":"closed","sticky":false,"template":"","format":"standard","meta":{"tdm_status":"","tdm_grid_status":"","footnotes":""},"categories":[447,379,375,343],"tags":[441],"class_list":{"0":"post-95851","1":"post","2":"type-post","3":"status-publish","4":"format-standard","5":"has-post-thumbnail","7":"category-malhacao","8":"category-novelas","9":"category-rede-globo","10":"category-televisao","11":"tag-resumo-do-dia"},"_links":{"self":[{"href":"https:\/\/migracao.redenoticia.com.br\/noticia\/wp-json\/wp\/v2\/posts\/95851","targetHints":{"allow":["GET"]}}],"collection":[{"href":"https:\/\/migracao.redenoticia.com.br\/noticia\/wp-json\/wp\/v2\/posts"}],"about":[{"href":"https:\/\/migracao.redenoticia.com.br\/noticia\/wp-json\/wp\/v2\/types\/post"}],"author":[{"embeddable":true,"href":"https:\/\/migracao.redenoticia.com.br\/noticia\/wp-json\/wp\/v2\/users\/4"}],"replies":[{"embeddable":true,"href":"https:\/\/migracao.redenoticia.com.br\/noticia\/wp-json\/wp\/v2\/comments?post=95851"}],"version-history":[{"count":0,"href":"https:\/\/migracao.redenoticia.com.br\/noticia\/wp-json\/wp\/v2\/posts\/95851\/revisions"}],"wp:featuredmedia":[{"embeddable":true,"href":"https:\/\/migracao.redenoticia.com.br\/noticia\/wp-json\/wp\/v2\/media\/91715"}],"wp:attachment":[{"href":"https:\/\/migracao.redenoticia.com.br\/noticia\/wp-json\/wp\/v2\/media?parent=95851"}],"wp:term":[{"taxonomy":"category","embeddable":true,"href":"https:\/\/migracao.redenoticia.com.br\/noticia\/wp-json\/wp\/v2\/categories?post=95851"},{"taxonomy":"post_tag","embeddable":true,"href":"https:\/\/migracao.redenoticia.com.br\/noticia\/wp-json\/wp\/v2\/tags?post=95851"}],"curies":[{"name":"wp","href":"https:\/\/api.w.org\/{rel}","templated":true}]}}