{"id":9591,"date":"2009-08-24T14:42:00","date_gmt":"2009-08-24T18:42:00","guid":{"rendered":"http:\/\/www.redenoticia.com.br\/noticia\/?p=9591"},"modified":"2009-08-24T14:42:00","modified_gmt":"2009-08-24T18:42:00","slug":"publico-escolhe-final-da-nova-campanha-todo-dia-com-a-quimica","status":"publish","type":"post","link":"https:\/\/migracao.redenoticia.com.br\/noticia\/2009\/publico-escolhe-final-da-nova-campanha-todo-dia-com-a-quimica\/9591","title":{"rendered":"P\u00fablico escolhe final da nova campanha Todo dia com a Qu\u00edmica"},"content":{"rendered":"<p>Segunda fase dos epis\u00f3dios, que visa estimular o interesse das crian\u00e7as e jovens pela Qu\u00edmica, come\u00e7a a ser exibida a partir do dia 10, na TV Cultura.\u00a0A partir da pr\u00f3xima segunda-feira (10\/8), a TV Cultura dar\u00e1 in\u00edcio \u00e0 veicula\u00e7\u00e3o da segunda fase da campanha Todo dia com a Qu\u00edmica. Agora, Quim e seus amigos embarcar\u00e3o em uma aventura cheia de mist\u00e9rio e suspense, em que precisar\u00e3o usar todo o conhecimento de Qu\u00edmica que possuem para desvendar o desaparecimento do Bolacha, o gato de estima\u00e7\u00e3o de Quim. At\u00e9 dezembro, ser\u00e3o exibidos oito epis\u00f3dios interligados, de 30 segundos cada, com uma novidade: o p\u00fablico poder\u00e1 escolher o final da hist\u00f3ria por meio de vota\u00e7\u00e3o no hotsite <a href=\"http:\/\/www.tododiacomaquimica.com.br\">www.tododiacomaquimica.com.br<\/a>, que reunir\u00e1 as pe\u00e7as da campanha, jogos e informa\u00e7\u00f5es sobre Qu\u00edmica.\u00a0<br \/>\nResultado de uma parceria iniciada em 2008 entre a TV Cultura e a Abiquim, a campanha destaca a import\u00e2ncia e a presen\u00e7a da Qu\u00edmica no cotidiano. Voltada para o p\u00fablico infantojuvenil, a campanha Todo dia com a Qu\u00edmica tem o patroc\u00ednio cultural das empresas Basf, Elekeiroz, Kraton e Lupo. O investimento no projeto, que conta com os incentivos da Lei Rouanet, ser\u00e1 de R$ 430 mil. A meta \u00e9 atingir 2,8 milh\u00f5es de lares, cerca de 50% dos domic\u00edlios da Grande S\u00e3o Paulo, durante os quatro meses de veicula\u00e7\u00e3o.<\/p>\n<p>Na primeira fase da campanha, a turma do Quim aprendeu como os produtos qu\u00edmicos est\u00e3o presentes no dia-a-dia das pessoas, do despertar at\u00e9 a hora de dormir, e como auxiliam as atividades humanas, no lazer, no trabalho e nos estudos. Os 24 desenhos animados e a pe\u00e7a institucional voltada ao p\u00fablico adulto produzidos em 2008 est\u00e3o dispon\u00edveis no hotsite.<\/p>\n<p>Para Nelson Pereira dos Reis, presidente executivo da Abiquim, a veicula\u00e7\u00e3o da segunda fase da campanha ajudar\u00e1 a avivar o interesse dos jovens pela Qu\u00edmica e a despertar voca\u00e7\u00f5es. \u201cA Qu\u00edmica \u00e9 uma ci\u00eancia essencial em nossas vidas, presente em todas as aventuras humanas e que impulsiona os avan\u00e7os da sociedade. Os produtos que ela gera t\u00eam possibilitado ao homem vencer enormes desafios\u201d, afirma. O projeto, segundo ele, ajudar\u00e1 a desmistificar a vis\u00e3o de que a Qu\u00edmica \u00e9 uma ci\u00eancia distante do homem.<\/p>\n<p>Paulo Markun, presidente da Funda\u00e7\u00e3o Padre Anchieta, afirma que a campanha Todo dia com a Qu\u00edmica \u00e9 um exemplo de como a iniciativa privada pode colaborar com a miss\u00e3o da TV Cultura na difus\u00e3o de mensagens educativas e culturais. Pesquisa realizada pelo Instituto Datafolha mostra que, entre as TVs abertas, a Cultura \u00e9 considerada a de melhor programa\u00e7\u00e3o nos g\u00eaneros educativo, infantil e ecol\u00f3gico. Durante os seis meses em que a campanha foi veiculada em 2008, centenas de mensagens foram enviadas por estudantes, pais e educadores elogiando o projeto e o incentivo ao estudo da Qu\u00edmica.<\/p>\n<p>Abiquim<\/p>\n<p>Fundada em junho de 1964, a Associa\u00e7\u00e3o Brasileira da Ind\u00fastria Qu\u00edmica congrega ind\u00fastrias qu\u00edmicas de grande, m\u00e9dio e pequeno portes, bem como prestadores de servi\u00e7os ao setor nas \u00e1reas de log\u00edstica, transporte, gerenciamento de res\u00edduos e atendimento a emerg\u00eancias. S\u00e3o mais de 200 empresas associadas, sendo 143 fabricantes de produtos qu\u00edmicos.<\/p>\n<p>Com faturamento l\u00edquido superior a US$ 122 bilh\u00f5es em 2008, a ind\u00fastria qu\u00edmica brasileira figura entre as dez maiores do mundo. O setor, formado por aproximadamente 5 mil empresas que empregam cerca de 330 mil pessoas, \u00e9 o terceiro em participa\u00e7\u00e3o na forma\u00e7\u00e3o do PIB Industrial do Pa\u00eds.<\/p>\n","protected":false},"excerpt":{"rendered":"<p>Segunda fase dos epis\u00f3dios, que visa estimular o interesse das crian\u00e7as e jovens pela Qu\u00edmica, come\u00e7a a ser exibida a partir do dia 10, na TV Cultura.\u00a0A partir da pr\u00f3xima segunda-feira (10\/8), a TV Cultura dar\u00e1 in\u00edcio \u00e0 veicula\u00e7\u00e3o da segunda fase da campanha Todo dia com a Qu\u00edmica. Agora, Quim e seus amigos embarcar\u00e3o [&hellip;]<\/p>\n","protected":false},"author":3,"featured_media":0,"comment_status":"open","ping_status":"open","sticky":false,"template":"","format":"standard","meta":{"tdm_status":"","tdm_grid_status":"","footnotes":""},"categories":[22,343],"tags":[],"class_list":{"0":"post-9591","1":"post","2":"type-post","3":"status-publish","4":"format-standard","6":"category-brasil","7":"category-televisao"},"_links":{"self":[{"href":"https:\/\/migracao.redenoticia.com.br\/noticia\/wp-json\/wp\/v2\/posts\/9591","targetHints":{"allow":["GET"]}}],"collection":[{"href":"https:\/\/migracao.redenoticia.com.br\/noticia\/wp-json\/wp\/v2\/posts"}],"about":[{"href":"https:\/\/migracao.redenoticia.com.br\/noticia\/wp-json\/wp\/v2\/types\/post"}],"author":[{"embeddable":true,"href":"https:\/\/migracao.redenoticia.com.br\/noticia\/wp-json\/wp\/v2\/users\/3"}],"replies":[{"embeddable":true,"href":"https:\/\/migracao.redenoticia.com.br\/noticia\/wp-json\/wp\/v2\/comments?post=9591"}],"version-history":[{"count":0,"href":"https:\/\/migracao.redenoticia.com.br\/noticia\/wp-json\/wp\/v2\/posts\/9591\/revisions"}],"wp:attachment":[{"href":"https:\/\/migracao.redenoticia.com.br\/noticia\/wp-json\/wp\/v2\/media?parent=9591"}],"wp:term":[{"taxonomy":"category","embeddable":true,"href":"https:\/\/migracao.redenoticia.com.br\/noticia\/wp-json\/wp\/v2\/categories?post=9591"},{"taxonomy":"post_tag","embeddable":true,"href":"https:\/\/migracao.redenoticia.com.br\/noticia\/wp-json\/wp\/v2\/tags?post=9591"}],"curies":[{"name":"wp","href":"https:\/\/api.w.org\/{rel}","templated":true}]}}