{"id":95913,"date":"2016-09-23T21:00:48","date_gmt":"2016-09-24T00:00:48","guid":{"rendered":"http:\/\/www.redenoticia.com.br\/noticia\/?p=95913"},"modified":"2016-09-23T15:00:51","modified_gmt":"2016-09-23T18:00:51","slug":"novela-velho-chico-resumo-2409-afranio-enfrenta-o-ex-deputado","status":"publish","type":"post","link":"https:\/\/migracao.redenoticia.com.br\/noticia\/2016\/novela-velho-chico-resumo-2409-afranio-enfrenta-o-ex-deputado\/95913","title":{"rendered":"Novela \u201cVelho Chico\u201d resumo 24\/09: Afr\u00e2nio amea\u00e7a Carlos Eduardo"},"content":{"rendered":"<p><img loading=\"lazy\" decoding=\"async\" class=\"alignleft size-thumbnail wp-image-82169\" src=\"https:\/\/migracao.redenoticia.com.br\/noticia\/imagens\/velho_chico_novela_resumo_globo-150x112.jpg\" alt=\"velho_chico_novela_resumo_globo\" width=\"150\" height=\"112\" srcset=\"https:\/\/migracao.redenoticia.com.br\/noticia\/imagens\/velho_chico_novela_resumo_globo-150x112.jpg 150w, https:\/\/migracao.redenoticia.com.br\/noticia\/imagens\/velho_chico_novela_resumo_globo-265x198.jpg 265w\" sizes=\"auto, (max-width: 150px) 100vw, 150px\" \/><strong><em>Novela \u201cVelho Chico\u201d resumo 24\/09<\/em><\/strong>:\u00a0Martim consegue provas que incriminam Carlos Eduardo e \u00e9 assassinado pelo ex-deputado. Santo e Bento saem \u00e0 procura de Martim. Santo vai \u00e0 fazenda e comunica o sumi\u00e7o de Martim ao coronel e entrega as fotos tiradas por seu filho. Revoltado, Afr\u00e2nio enfrenta o ex-deputado. Ao encontr\u00e1-lo, d\u00e1 uma coronhada e atira na cabe\u00e7a do genro, mas o tiro passa de rasp\u00e3o, e o pol\u00edtico tenta convencer o sogro de que n\u00e3o tem culpa pelo desaparecimento do fot\u00f3grafo. Afr\u00e2nio segue com a acusa\u00e7\u00e3o e, em tom de amea\u00e7a, diz que vai procurar Martim at\u00e9 encontrar. E, se n\u00e3o encontrar, volta para mata-lo. Assim, vai ser a \u00fanica morte que ele vai carregar nas costas. S\u00f3 que desta morte ele n\u00e3o vai se arrepender.<\/p>\n<p>No cap\u00edtulo 168(*), novela \u201cVelho Chico\u201d, s\u00e1bado, 24 de setembro \u2013 Afr\u00e2nio amea\u00e7a a vida de Carlos. Dalva canta no bar de Chico Criatura, acompanhada por Fa\u00edsca. Tereza confronta Afr\u00e2nio, que afirma \u00e0 filha que encontrar\u00e1 Martim. Carlos alerta Queiroz sobre as inten\u00e7\u00f5es do coronel.<\/p>\n<p>(*) edi\u00e7\u00e3o da Rede Globo, Novela \u201cVelho Chico\u201d, sujeito a altera\u00e7\u00e3o de data e conte\u00fado.<\/p>\n","protected":false},"excerpt":{"rendered":"<p>Novela \u201cVelho Chico\u201d resumo 24\/09:\u00a0Martim consegue provas que incriminam Carlos Eduardo e \u00e9 assassinado pelo ex-deputado. Santo e Bento saem \u00e0 procura de Martim. Santo vai \u00e0 fazenda e comunica o sumi\u00e7o de Martim ao coronel e entrega as fotos tiradas por seu filho. Revoltado, Afr\u00e2nio enfrenta o ex-deputado. Ao encontr\u00e1-lo, d\u00e1 uma coronhada e [&hellip;]<\/p>\n","protected":false},"author":4,"featured_media":82169,"comment_status":"open","ping_status":"closed","sticky":false,"template":"","format":"standard","meta":{"tdm_status":"","tdm_grid_status":"","footnotes":""},"categories":[379,375,343],"tags":[441],"class_list":{"0":"post-95913","1":"post","2":"type-post","3":"status-publish","4":"format-standard","5":"has-post-thumbnail","7":"category-novelas","8":"category-rede-globo","9":"category-televisao","10":"tag-resumo-do-dia"},"_links":{"self":[{"href":"https:\/\/migracao.redenoticia.com.br\/noticia\/wp-json\/wp\/v2\/posts\/95913","targetHints":{"allow":["GET"]}}],"collection":[{"href":"https:\/\/migracao.redenoticia.com.br\/noticia\/wp-json\/wp\/v2\/posts"}],"about":[{"href":"https:\/\/migracao.redenoticia.com.br\/noticia\/wp-json\/wp\/v2\/types\/post"}],"author":[{"embeddable":true,"href":"https:\/\/migracao.redenoticia.com.br\/noticia\/wp-json\/wp\/v2\/users\/4"}],"replies":[{"embeddable":true,"href":"https:\/\/migracao.redenoticia.com.br\/noticia\/wp-json\/wp\/v2\/comments?post=95913"}],"version-history":[{"count":0,"href":"https:\/\/migracao.redenoticia.com.br\/noticia\/wp-json\/wp\/v2\/posts\/95913\/revisions"}],"wp:featuredmedia":[{"embeddable":true,"href":"https:\/\/migracao.redenoticia.com.br\/noticia\/wp-json\/wp\/v2\/media\/82169"}],"wp:attachment":[{"href":"https:\/\/migracao.redenoticia.com.br\/noticia\/wp-json\/wp\/v2\/media?parent=95913"}],"wp:term":[{"taxonomy":"category","embeddable":true,"href":"https:\/\/migracao.redenoticia.com.br\/noticia\/wp-json\/wp\/v2\/categories?post=95913"},{"taxonomy":"post_tag","embeddable":true,"href":"https:\/\/migracao.redenoticia.com.br\/noticia\/wp-json\/wp\/v2\/tags?post=95913"}],"curies":[{"name":"wp","href":"https:\/\/api.w.org\/{rel}","templated":true}]}}