{"id":95938,"date":"2016-09-23T19:34:19","date_gmt":"2016-09-23T22:34:19","guid":{"rendered":"http:\/\/www.redenoticia.com.br\/noticia\/?p=95938"},"modified":"2016-09-23T20:58:10","modified_gmt":"2016-09-23T23:58:10","slug":"novela-escrava-mae-resumo-2609-osorio-negocia-com-catarina","status":"publish","type":"post","link":"https:\/\/migracao.redenoticia.com.br\/noticia\/2016\/novela-escrava-mae-resumo-2609-osorio-negocia-com-catarina\/95938","title":{"rendered":"Novela \u201cEscrava M\u00e3e\u201d resumo 26\/09: Os\u00f3rio tenta negociar com Catarina"},"content":{"rendered":"<p><img loading=\"lazy\" decoding=\"async\" class=\"alignleft size-thumbnail wp-image-87037\" src=\"https:\/\/migracao.redenoticia.com.br\/noticia\/imagens\/escrava-mae-novela-resumo-150x112.jpg\" alt=\"escrava-mae-novela-resumo\" width=\"150\" height=\"112\" srcset=\"https:\/\/migracao.redenoticia.com.br\/noticia\/imagens\/escrava-mae-novela-resumo-150x112.jpg 150w, https:\/\/migracao.redenoticia.com.br\/noticia\/imagens\/escrava-mae-novela-resumo-265x198.jpg 265w\" sizes=\"auto, (max-width: 150px) 100vw, 150px\" \/><strong><em>Novela \u201cEscrava M\u00e3e\u201d resumo 26\/09<\/em><\/strong>: Catarina est\u00e1 na c\u00e2mara e Os\u00f3rio, preso, diz a Catarina que pode ajuda-la tirar Esm\u00e9ria das m\u00e3os de Almeida. Catarina desconfia da proposta de Os\u00f3rio. Os\u00f3rio pede a Catarina que interfira na sua liberdade, em troca, ele pode forjar uma identifica\u00e7\u00e3o de Esm\u00e9ria como compra ilegal. Catarina encontra Almeida e pergunta qual o valor de Esm\u00e9ria. Almeida responde que a escrava n\u00e3o est\u00e1 \u00e0 venda. Catarina se ajoelha e se humilha para Almeida, que a ignora. Catarina conversa com Miguel e ele a orienta a n\u00e3o confiar em Os\u00f3rio. <\/p>\n<p>No capitulo 084 (*), novela \u201cEscrava M\u00e3e\u201d, segunda-feira, 26 de setembro &#8211; Miguel conversa com Teresa e pede que leve Juliana a festa que ter\u00e1 na vila, que \u00e9 o dia em que vai tentar fugir. Urraca vem de dentro e ouve tudo. Dr. Pacheco orienta Guilherme tirar Quintiliano um pouco da cama e diz que ele est\u00e1 fora de perigo. Catarina est\u00e1 na c\u00e2mara e Os\u00f3rio preso diz a Catarina que pode ajuda-la tirar Esm\u00e9ria das m\u00e3os de Almeida. Esm\u00e9ria est\u00e1 ansiosa diante de Maria Isabel que pensa que ela ir\u00e1 autorizar sua venda. Maria Isabel n\u00e3o deixa Esm\u00e9ria partir e Esm\u00e9ria amea\u00e7a que vai contar que foi ela que matou o coronel Cust\u00f3dio. Maria Isabel est\u00e1 espantada diante da amea\u00e7a de Esm\u00e9ria. Catarina desconfiada diante da proposta de Os\u00f3rio. Os\u00f3rio pede a Catarina que interfira na sua liberdade em troca ele pode forjar uma identifica\u00e7\u00e3o de Esm\u00e9ria como compra ilegal. Rosalinda desabafa com D\u00e1lia e Violeta enquanto tomam o desjejum. <\/p>\n<p>Esm\u00e9ria chantageia Maria Isabel que pede ajuda para se deitar. Esm\u00e9ria deita na cama e pede que Maria Isabel lhe sirva um copo d?\u00e1gua. Miguel encontra com Juliana e pede para encontra-lo a tarde e sai. Catarina encontra Almeida e pergunta qual o valor de Esm\u00e9ria. Almeida responde que a escrava n\u00e3o est\u00e1 \u00e0 venda. Catarina se ajoelha e se humilha para Almeida que a ignora. Irani arruma alguns produtos no armaz\u00e9m e Z\u00e9 Le\u00e3o chega ali. Filipa com o ba\u00fa de cartas de Joana nas m\u00e3os, diante de Quintiliano que est\u00e1 sentado em uma cadeira. Filipa l\u00ea uma das cartas e Quintiliano se agita, Filipa se espanta e para de ler. Gen\u00e9sio acorrentado e B\u00e1 Teixeira chega esbaforida com a bolsa nas m\u00e3os. <\/p>\n<p>Gen\u00e9sio pede a B\u00e1 Teixeira que entregue a pepita a Catarina. Nestor, D\u00e1lia e Belezinha encenam a pe\u00e7a de teatro e ficam constrangidos com a chegada de \u00c1tila. Dr. Pacheco examina Teresa e diz que est\u00e1 tudo bem. Dr. Pacheco revela que Almeida far\u00e1 uma homenagem a Cust\u00f3dio na festa da vila. Teresa se surpreende e troca um olhar com Juliana. Catarina conversa com Miguel que orienta n\u00e3o confiar em Os\u00f3rio. B\u00e1 Teixeira chega e diz que tem algo que pode ajudar a libertar Esm\u00e9ria. Esm\u00e9ria est\u00e1 sentada na cama enquanto Maria Isabel perto da bandeja de frutas. Maria Isabel vai servir frutas para Esm\u00e9ria e rapidamente encosta a faca no pesco\u00e7o de Esm\u00e9ria que se assusta. Esm\u00e9ria entra em p\u00e2nico.<\/p>\n<p>(*) edi\u00e7\u00e3o da Rede Record, Novela \u201cEscrava M\u00e3e\u201d, sujeito a altera\u00e7\u00e3o de data e conte\u00fado.<\/p>\n","protected":false},"excerpt":{"rendered":"<p>Novela \u201cEscrava M\u00e3e\u201d resumo 26\/09: Catarina est\u00e1 na c\u00e2mara e Os\u00f3rio, preso, diz a Catarina que pode ajuda-la tirar Esm\u00e9ria das m\u00e3os de Almeida. Catarina desconfia da proposta de Os\u00f3rio. Os\u00f3rio pede a Catarina que interfira na sua liberdade, em troca, ele pode forjar uma identifica\u00e7\u00e3o de Esm\u00e9ria como compra ilegal. Catarina encontra Almeida e [&hellip;]<\/p>\n","protected":false},"author":2,"featured_media":87037,"comment_status":"open","ping_status":"closed","sticky":false,"template":"","format":"standard","meta":{"tdm_status":"","tdm_grid_status":"","footnotes":""},"categories":[379,371,343],"tags":[441],"class_list":{"0":"post-95938","1":"post","2":"type-post","3":"status-publish","4":"format-standard","5":"has-post-thumbnail","7":"category-novelas","8":"category-rede-record","9":"category-televisao","10":"tag-resumo-do-dia"},"_links":{"self":[{"href":"https:\/\/migracao.redenoticia.com.br\/noticia\/wp-json\/wp\/v2\/posts\/95938","targetHints":{"allow":["GET"]}}],"collection":[{"href":"https:\/\/migracao.redenoticia.com.br\/noticia\/wp-json\/wp\/v2\/posts"}],"about":[{"href":"https:\/\/migracao.redenoticia.com.br\/noticia\/wp-json\/wp\/v2\/types\/post"}],"author":[{"embeddable":true,"href":"https:\/\/migracao.redenoticia.com.br\/noticia\/wp-json\/wp\/v2\/users\/2"}],"replies":[{"embeddable":true,"href":"https:\/\/migracao.redenoticia.com.br\/noticia\/wp-json\/wp\/v2\/comments?post=95938"}],"version-history":[{"count":0,"href":"https:\/\/migracao.redenoticia.com.br\/noticia\/wp-json\/wp\/v2\/posts\/95938\/revisions"}],"wp:featuredmedia":[{"embeddable":true,"href":"https:\/\/migracao.redenoticia.com.br\/noticia\/wp-json\/wp\/v2\/media\/87037"}],"wp:attachment":[{"href":"https:\/\/migracao.redenoticia.com.br\/noticia\/wp-json\/wp\/v2\/media?parent=95938"}],"wp:term":[{"taxonomy":"category","embeddable":true,"href":"https:\/\/migracao.redenoticia.com.br\/noticia\/wp-json\/wp\/v2\/categories?post=95938"},{"taxonomy":"post_tag","embeddable":true,"href":"https:\/\/migracao.redenoticia.com.br\/noticia\/wp-json\/wp\/v2\/tags?post=95938"}],"curies":[{"name":"wp","href":"https:\/\/api.w.org\/{rel}","templated":true}]}}