{"id":95942,"date":"2016-09-23T19:53:08","date_gmt":"2016-09-23T22:53:08","guid":{"rendered":"http:\/\/www.redenoticia.com.br\/noticia\/?p=95942"},"modified":"2016-09-26T21:56:01","modified_gmt":"2016-09-27T00:56:01","slug":"novela-a-terra-prometida-resumo-2609-as-mulheres-enfrentam-os-cananeus","status":"publish","type":"post","link":"https:\/\/migracao.redenoticia.com.br\/noticia\/2016\/novela-a-terra-prometida-resumo-2609-as-mulheres-enfrentam-os-cananeus\/95942","title":{"rendered":"Novela \u201cA Terra Prometida\u201d resumo 26\/09: as mulheres enfrentam os cananeus"},"content":{"rendered":"<p><img loading=\"lazy\" decoding=\"async\" class=\"alignleft size-thumbnail wp-image-89446\" src=\"https:\/\/migracao.redenoticia.com.br\/noticia\/imagens\/a-terra-prometida-novela-record-resumo-150x112.jpg\" alt=\"a-terra-prometida-novela-record-resumo\" width=\"150\" height=\"112\" srcset=\"https:\/\/migracao.redenoticia.com.br\/noticia\/imagens\/a-terra-prometida-novela-record-resumo-150x112.jpg 150w, https:\/\/migracao.redenoticia.com.br\/noticia\/imagens\/a-terra-prometida-novela-record-resumo-265x198.jpg 265w\" sizes=\"auto, (max-width: 150px) 100vw, 150px\" \/><strong><em>Novela \u201cA Terra Prometida\u201d resumo 26\/09<\/em><\/strong>: Aruna se depara com dezenas de soldados cananeus pr\u00f3ximos ao acampamento, prontos para atacar. A mo\u00e7a corre para avisar a Josu\u00e9. O l\u00edder hebreu decide ficar em sua tenda a espera dos inimigos. Tibar, Kadmo e os outros oficias chegam para ataca-lo. As mulheres do acampamento surpreendem os soldados cananeus. Aruna encara Tibar. O grupo de hebreus formado pelas mulheres, Josu\u00e9 e Calebe come\u00e7a a lutar. Aruna luta contra Sandor. <\/p>\n<p>No capitulo 059(*), novela \u201cA Terra Prometida\u201d, segunda-feira, 26 de setembro &#8211; Sandor vai atr\u00e1s de Raabe na estalagem. L\u00e9ia amea\u00e7a Adara. Sandor pede um beijo \u00e0 Raabe, mas ela se recusa dizendo que o rapaz dever\u00e1 pagar para beij\u00e1-la. Ele fica aborrecido e d\u00e1 adeus \u00e0 mo\u00e7a. Aruna sofre ao lembrar de Josu\u00e9. O l\u00edder hebreu discursa para o povo. Josu\u00e9 relembra a saga dos filhos de Israel. Jovens e crian\u00e7as dizem que est\u00e3o prontos para a circuncis\u00e3o. Aruna avisa \u00e0 Adara sobre a decis\u00e3o de deixar Josu\u00e9. L\u00e9ia diz para Samara que uma hora conseguir\u00e3o se livrar da cananeia. No Monte Prep\u00facio, Josu\u00e9 e Eleazar falam sobre a circuncis\u00e3o para os hebreus. Os jovens come\u00e7am a se preparar para a alian\u00e7a com Deus. Sama se decepciona ao descobrir que n\u00e3o est\u00e1 gr\u00e1vida. Circuncidado, Zaqueu recebe os cuidados de Chaia. Jessana elogia a coragem de El\u00f3i. Ion\u00e1 ampara El\u00f3i. Marek diz que tem decis\u00f5es importantes a tomar. Raabe \u00e9 humilhada por Orias. O \u00faltimo hebreu \u00e9 circuncidado. Deus fala com Josu\u00e9. O Senhor avisa que a humilha\u00e7\u00e3o vivida pelo povo de Israel no Egito foi removida. Os guerreiros hebreus repousam em suas tendas depois de terem sido circuncidados. <\/p>\n<p>Calebe se preocupa com a tristeza de Josu\u00e9. O marido de Noemi estranha o anel que o l\u00edder hebreu guarda. Darda tenta acalmar Sama. Calebe descobre que Josu\u00e9 se envolveu com Aruna. Cabisbaixa, a mo\u00e7a pega \u00e1gua no po\u00e7o, escuta um barulho pr\u00f3ximo e vai ver o que \u00e9. Aruna se depara com dezenas de soldados cananeus pr\u00f3ximos ao acampamento, prontos para atacar. A mo\u00e7a corre para avisar a Josu\u00e9. O l\u00edder hebreu decide ficar em sua tenda a espera dos inimigos. <\/p>\n<p>Tibar, Kadmo e os outros oficias chegam para ataca-lo. As mulheres do acampamento surpreendem os soldados cananeus. Aruna encara Tibar. O grupo de hebreus formado pelas mulheres, Josu\u00e9 e Calebe come\u00e7a a lutar. Os l\u00edderes tribais refor\u00e7am o grupo hebreu. Quemuel pede ajuda a Deus. O ex\u00e9rcito de Israel come\u00e7a a levar a melhor sobre os inimigos.  <\/p>\n<p>(*) edi\u00e7\u00e3o da Rede Record, Novela \u201cA Terra Prometida\u201d, sujeito a altera\u00e7\u00e3o de data e conte\u00fado.<\/p>\n","protected":false},"excerpt":{"rendered":"<p>Novela \u201cA Terra Prometida\u201d resumo 26\/09: Aruna se depara com dezenas de soldados cananeus pr\u00f3ximos ao acampamento, prontos para atacar. A mo\u00e7a corre para avisar a Josu\u00e9. O l\u00edder hebreu decide ficar em sua tenda a espera dos inimigos. Tibar, Kadmo e os outros oficias chegam para ataca-lo. As mulheres do acampamento surpreendem os soldados [&hellip;]<\/p>\n","protected":false},"author":2,"featured_media":89446,"comment_status":"open","ping_status":"closed","sticky":false,"template":"","format":"standard","meta":{"tdm_status":"","tdm_grid_status":"","footnotes":""},"categories":[446,379,371,343],"tags":[441],"class_list":{"0":"post-95942","1":"post","2":"type-post","3":"status-publish","4":"format-standard","5":"has-post-thumbnail","7":"category-a-terra-prometida","8":"category-novelas","9":"category-rede-record","10":"category-televisao","11":"tag-resumo-do-dia"},"_links":{"self":[{"href":"https:\/\/migracao.redenoticia.com.br\/noticia\/wp-json\/wp\/v2\/posts\/95942","targetHints":{"allow":["GET"]}}],"collection":[{"href":"https:\/\/migracao.redenoticia.com.br\/noticia\/wp-json\/wp\/v2\/posts"}],"about":[{"href":"https:\/\/migracao.redenoticia.com.br\/noticia\/wp-json\/wp\/v2\/types\/post"}],"author":[{"embeddable":true,"href":"https:\/\/migracao.redenoticia.com.br\/noticia\/wp-json\/wp\/v2\/users\/2"}],"replies":[{"embeddable":true,"href":"https:\/\/migracao.redenoticia.com.br\/noticia\/wp-json\/wp\/v2\/comments?post=95942"}],"version-history":[{"count":0,"href":"https:\/\/migracao.redenoticia.com.br\/noticia\/wp-json\/wp\/v2\/posts\/95942\/revisions"}],"wp:featuredmedia":[{"embeddable":true,"href":"https:\/\/migracao.redenoticia.com.br\/noticia\/wp-json\/wp\/v2\/media\/89446"}],"wp:attachment":[{"href":"https:\/\/migracao.redenoticia.com.br\/noticia\/wp-json\/wp\/v2\/media?parent=95942"}],"wp:term":[{"taxonomy":"category","embeddable":true,"href":"https:\/\/migracao.redenoticia.com.br\/noticia\/wp-json\/wp\/v2\/categories?post=95942"},{"taxonomy":"post_tag","embeddable":true,"href":"https:\/\/migracao.redenoticia.com.br\/noticia\/wp-json\/wp\/v2\/tags?post=95942"}],"curies":[{"name":"wp","href":"https:\/\/api.w.org\/{rel}","templated":true}]}}