{"id":95944,"date":"2016-09-23T19:06:40","date_gmt":"2016-09-23T22:06:40","guid":{"rendered":"http:\/\/www.redenoticia.com.br\/noticia\/?p=95944"},"modified":"2016-09-23T16:18:18","modified_gmt":"2016-09-23T19:18:18","slug":"novela-sila-resumo-2409-ayse-diz-a-sila-que-quer-ir-embora-de-istambul","status":"publish","type":"post","link":"https:\/\/migracao.redenoticia.com.br\/noticia\/2016\/novela-sila-resumo-2409-ayse-diz-a-sila-que-quer-ir-embora-de-istambul\/95944","title":{"rendered":"Novela \u201cSila\u201d resumo 24\/09: Ayse diz a Sila que quer ir embora de Istambul"},"content":{"rendered":"<p><img loading=\"lazy\" decoding=\"async\" class=\"alignleft size-thumbnail wp-image-83098\" src=\"https:\/\/migracao.redenoticia.com.br\/noticia\/imagens\/sila_band_novela_resumo_capitulo-150x112.jpg\" alt=\"sila_band_novela_resumo_capitulo\" width=\"150\" height=\"112\" srcset=\"https:\/\/migracao.redenoticia.com.br\/noticia\/imagens\/sila_band_novela_resumo_capitulo-150x112.jpg 150w, https:\/\/migracao.redenoticia.com.br\/noticia\/imagens\/sila_band_novela_resumo_capitulo-265x198.jpg 265w\" sizes=\"auto, (max-width: 150px) 100vw, 150px\" \/><strong><em> Novela \u201cSila\u201d resumo 24\/09<\/em><\/strong>: Sivan atende ao pedido da fam\u00edlia de Hussein e pede a ele que se afaste de Ayse. Ayse n\u00e3o sabe da conversa e tenta falar com Hussein, mas ele vai embora e n\u00e3o atende as liga\u00e7\u00f5es. Hussein amea\u00e7a romper com a m\u00e3e caso ela n\u00e3o permita o seu casamento com Ayse. Cansada de lutar por seu amor, Ayse evita falar com Hussein e diz a Sila que quer ir embora.<\/p>\n<p>No capitulo 151 (*), novela \u201cSila\u201d, s\u00e1bado, 24 de setembro &#8211; a fam\u00edlia de Feride a v\u00ea com Abay e decide puni-la. Ayse diz a Sila que quer ir embora. Berzan segue Sila e Boran pela estrada. No entanto, Boran perde a paci\u00eancia e o confronta. Boran aponta sua arma para o vil\u00e3o.<\/p>\n<p> Berzan e Boran se encaram e Sila fica furiosa. Berzan liga para Boran e amea\u00e7a Abay. Berzan visita Esma no hospital. Abay sofre um atentado no meio da rua. Boran chama a aten\u00e7\u00e3o de seus homens por n\u00e3o terem protegido Abay. Esma culpa Sila pela perda do beb\u00ea. Ela jura vingan\u00e7a por causa da grande dor que sente. <\/p>\n<p> Dilaver decide ir embora de Istambul. Lucine chega a Istambul para visitar o irm\u00e3o, Abay. Esma recebe alta do hospital, mas est\u00e1 com a sa\u00fade mental alterada. O tio de Feride conversa com Berzan sobre recuperar a honra da fam\u00edlia. <\/p>\n<p>(*) edi\u00e7\u00e3o da Band, Novela \u201cSila\u201d, sujeito a altera\u00e7\u00e3o de data e conte\u00fado. <\/p>\n","protected":false},"excerpt":{"rendered":"<p>Novela \u201cSila\u201d resumo 24\/09: Sivan atende ao pedido da fam\u00edlia de Hussein e pede a ele que se afaste de Ayse. Ayse n\u00e3o sabe da conversa e tenta falar com Hussein, mas ele vai embora e n\u00e3o atende as liga\u00e7\u00f5es. Hussein amea\u00e7a romper com a m\u00e3e caso ela n\u00e3o permita o seu casamento com Ayse. [&hellip;]<\/p>\n","protected":false},"author":2,"featured_media":83098,"comment_status":"open","ping_status":"closed","sticky":false,"template":"","format":"standard","meta":{"tdm_status":"","tdm_grid_status":"","footnotes":""},"categories":[390,379,343],"tags":[441],"class_list":{"0":"post-95944","1":"post","2":"type-post","3":"status-publish","4":"format-standard","5":"has-post-thumbnail","7":"category-band","8":"category-novelas","9":"category-televisao","10":"tag-resumo-do-dia"},"_links":{"self":[{"href":"https:\/\/migracao.redenoticia.com.br\/noticia\/wp-json\/wp\/v2\/posts\/95944","targetHints":{"allow":["GET"]}}],"collection":[{"href":"https:\/\/migracao.redenoticia.com.br\/noticia\/wp-json\/wp\/v2\/posts"}],"about":[{"href":"https:\/\/migracao.redenoticia.com.br\/noticia\/wp-json\/wp\/v2\/types\/post"}],"author":[{"embeddable":true,"href":"https:\/\/migracao.redenoticia.com.br\/noticia\/wp-json\/wp\/v2\/users\/2"}],"replies":[{"embeddable":true,"href":"https:\/\/migracao.redenoticia.com.br\/noticia\/wp-json\/wp\/v2\/comments?post=95944"}],"version-history":[{"count":0,"href":"https:\/\/migracao.redenoticia.com.br\/noticia\/wp-json\/wp\/v2\/posts\/95944\/revisions"}],"wp:featuredmedia":[{"embeddable":true,"href":"https:\/\/migracao.redenoticia.com.br\/noticia\/wp-json\/wp\/v2\/media\/83098"}],"wp:attachment":[{"href":"https:\/\/migracao.redenoticia.com.br\/noticia\/wp-json\/wp\/v2\/media?parent=95944"}],"wp:term":[{"taxonomy":"category","embeddable":true,"href":"https:\/\/migracao.redenoticia.com.br\/noticia\/wp-json\/wp\/v2\/categories?post=95944"},{"taxonomy":"post_tag","embeddable":true,"href":"https:\/\/migracao.redenoticia.com.br\/noticia\/wp-json\/wp\/v2\/tags?post=95944"}],"curies":[{"name":"wp","href":"https:\/\/api.w.org\/{rel}","templated":true}]}}