{"id":95992,"date":"2016-09-24T19:10:16","date_gmt":"2016-09-24T22:10:16","guid":{"rendered":"http:\/\/www.redenoticia.com.br\/noticia\/?p=95992"},"modified":"2016-09-24T16:29:01","modified_gmt":"2016-09-24T19:29:01","slug":"novela-haja-coracao-resumo-2609-apolo-junto-com-tamara-ele-leva-carol-e-seus-irmaos-para-viajar","status":"publish","type":"post","link":"https:\/\/migracao.redenoticia.com.br\/noticia\/2016\/novela-haja-coracao-resumo-2609-apolo-junto-com-tamara-ele-leva-carol-e-seus-irmaos-para-viajar\/95992","title":{"rendered":"Novela \u201cHaja Cora\u00e7\u00e3o\u201d resumo 26\/09: Apolo leva Carol e seus irm\u00e3os para viajar"},"content":{"rendered":"<p><img loading=\"lazy\" decoding=\"async\" class=\"alignleft size-thumbnail wp-image-87038\" src=\"https:\/\/migracao.redenoticia.com.br\/noticia\/imagens\/haja_coracao_novela_resumo_capitulo_globo-150x112.jpg\" alt=\"haja_coracao_novela_resumo_capitulo_globo\" width=\"150\" height=\"112\" srcset=\"https:\/\/migracao.redenoticia.com.br\/noticia\/imagens\/haja_coracao_novela_resumo_capitulo_globo-150x112.jpg 150w, https:\/\/migracao.redenoticia.com.br\/noticia\/imagens\/haja_coracao_novela_resumo_capitulo_globo-265x198.jpg 265w\" sizes=\"auto, (max-width: 150px) 100vw, 150px\" \/><strong><em>Novela \u201cHaja Cora\u00e7\u00e3o\u201d resumo 26\/09<\/em><\/strong>:\u00a0Apolo est\u00e1 desconfiado das atitudes de Carol e a pressiona a falar a verdade sobre Afonso. A garota acaba por revelar que seu pai faleceu. Apolo fica chocado e se compromete a cuidar de Carol e de seus irm\u00e3os e aconselha que ela mantenha segredo sobre a morte de Afonso. Depois, junto com Tamara, leva Carol e seus irm\u00e3os para viajar. Quem n\u00e3o gosta ao saber desta viagem \u00e9 Tancinha. <\/p>\n<p>No cap\u00edtulo 099(*), novela \u201cHaja Cora\u00e7\u00e3o\u201d, segunda-feira, 26 de setembro \u2013 Apolo se compromete a cuidar de Carol e de seus irm\u00e3os e aconselha que ela mantenha segredo sobre a morte de Afonso.<\/p>\n<p>Tancinha n\u00e3o gosta de saber que Apolo levou Tamara para viajar com Carol e os irm\u00e3os. Leozinho tenta convencer Camila de que ela est\u00e1 enganada ao cham\u00e1-lo de bandido. Giovanni afirma a Apar\u00edcio que Camila precisa saber que eles estavam juntos. Tancinha incentiva Beto a perdoar Pen\u00e9lope e Henrique.<\/p>\n<p>Tancinha vai \u00e0 primeira aula de dan\u00e7a do curso que Beto lhe deu de presente, mas se sente inferior diante das outras alunas. Safira critica a forma como Fedora trata Camila. Giovanni pede ajuda a Ariovaldo para falar com Camila. Tancinha decide insistir nas aulas de dan\u00e7a.<\/p>\n<p>(*) edi\u00e7\u00e3o da Rede Globo, Novela \u201cHaja Cora\u00e7\u00e3o\u201d, sujeito a altera\u00e7\u00e3o de data e conte\u00fado.<\/p>\n","protected":false},"excerpt":{"rendered":"<p>Novela \u201cHaja Cora\u00e7\u00e3o\u201d resumo 26\/09:\u00a0Apolo est\u00e1 desconfiado das atitudes de Carol e a pressiona a falar a verdade sobre Afonso. A garota acaba por revelar que seu pai faleceu. Apolo fica chocado e se compromete a cuidar de Carol e de seus irm\u00e3os e aconselha que ela mantenha segredo sobre a morte de Afonso. Depois, [&hellip;]<\/p>\n","protected":false},"author":4,"featured_media":87038,"comment_status":"open","ping_status":"closed","sticky":false,"template":"","format":"standard","meta":{"tdm_status":"","tdm_grid_status":"","footnotes":""},"categories":[379,375,343],"tags":[441],"class_list":{"0":"post-95992","1":"post","2":"type-post","3":"status-publish","4":"format-standard","5":"has-post-thumbnail","7":"category-novelas","8":"category-rede-globo","9":"category-televisao","10":"tag-resumo-do-dia"},"_links":{"self":[{"href":"https:\/\/migracao.redenoticia.com.br\/noticia\/wp-json\/wp\/v2\/posts\/95992","targetHints":{"allow":["GET"]}}],"collection":[{"href":"https:\/\/migracao.redenoticia.com.br\/noticia\/wp-json\/wp\/v2\/posts"}],"about":[{"href":"https:\/\/migracao.redenoticia.com.br\/noticia\/wp-json\/wp\/v2\/types\/post"}],"author":[{"embeddable":true,"href":"https:\/\/migracao.redenoticia.com.br\/noticia\/wp-json\/wp\/v2\/users\/4"}],"replies":[{"embeddable":true,"href":"https:\/\/migracao.redenoticia.com.br\/noticia\/wp-json\/wp\/v2\/comments?post=95992"}],"version-history":[{"count":0,"href":"https:\/\/migracao.redenoticia.com.br\/noticia\/wp-json\/wp\/v2\/posts\/95992\/revisions"}],"wp:featuredmedia":[{"embeddable":true,"href":"https:\/\/migracao.redenoticia.com.br\/noticia\/wp-json\/wp\/v2\/media\/87038"}],"wp:attachment":[{"href":"https:\/\/migracao.redenoticia.com.br\/noticia\/wp-json\/wp\/v2\/media?parent=95992"}],"wp:term":[{"taxonomy":"category","embeddable":true,"href":"https:\/\/migracao.redenoticia.com.br\/noticia\/wp-json\/wp\/v2\/categories?post=95992"},{"taxonomy":"post_tag","embeddable":true,"href":"https:\/\/migracao.redenoticia.com.br\/noticia\/wp-json\/wp\/v2\/tags?post=95992"}],"curies":[{"name":"wp","href":"https:\/\/api.w.org\/{rel}","templated":true}]}}