{"id":95996,"date":"2016-09-24T18:10:53","date_gmt":"2016-09-24T21:10:53","guid":{"rendered":"http:\/\/www.redenoticia.com.br\/noticia\/?p=95996"},"modified":"2016-09-24T16:27:29","modified_gmt":"2016-09-24T19:27:29","slug":"novela-sol-nascente-resumo-2609-carolina-conhece-sinha","status":"publish","type":"post","link":"https:\/\/migracao.redenoticia.com.br\/noticia\/2016\/novela-sol-nascente-resumo-2609-carolina-conhece-sinha\/95996","title":{"rendered":"Novela \u201cSol Nascente\u201d resumo 26\/09: Carolina conhece Sinh\u00e1"},"content":{"rendered":"<p><img loading=\"lazy\" decoding=\"async\" class=\"alignleft size-thumbnail wp-image-91714\" src=\"https:\/\/migracao.redenoticia.com.br\/noticia\/imagens\/sol_nascente_resumo_novela_globo-150x112.jpg\" alt=\"sol_nascente_resumo_novela_globo\" width=\"150\" height=\"112\" srcset=\"https:\/\/migracao.redenoticia.com.br\/noticia\/imagens\/sol_nascente_resumo_novela_globo-150x112.jpg 150w, https:\/\/migracao.redenoticia.com.br\/noticia\/imagens\/sol_nascente_resumo_novela_globo-265x198.jpg 265w\" sizes=\"auto, (max-width: 150px) 100vw, 150px\" \/><strong><em>Novela \u201cSol Nascente\u201d resumo 26\/09<\/em><\/strong>: a\u00a0gan\u00e2ncia e mau caratismo de neto e av\u00f3 n\u00e3o tem limite. Cesar d\u00e1 mais um passo em seu plano. Ele d\u00e1 um jeito de trabalhar na empresa de Tanaka e consegue. Assim, anuncia que vai trabalhar na empresa ao lado de Alice e esta comemora a not\u00edcia. Enquanto isso, Carolina conhece Sinh\u00e1 e, durante a conversa, afirma que vai conquistar Mario, tir\u00e1-lo da vida de Alice e, assim, deixar o caminho livre para C\u00e9sar.<\/p>\n<p>No cap\u00edtulo 024(*), novela \u201cSol Nascente\u201d, segunda-feira, 26 de setembro \u2013 Alice comemora a not\u00edcia de que Cesar trabalhar\u00e1 a seu lado na empresa de Tanaka. Hir\u00f4 sugere que Mario n\u00e3o interfira no romance de Alice e Cesar.<\/p>\n<p>Ana prop\u00f5e que Elisa trabalhe na pousada para pagar sua estadia. Ralf se insinua para Hir\u00f4. Yumi se emociona com as palavras de Bernardo sobre sua arte. Vittorio se desculpa com Milena.<\/p>\n<p>Carolina conhece Sinh\u00e1 e afirma que conquistar\u00e1 Mario. Yumi confessa a Alice que se sente atra\u00edda por Bernardo. Quirino, Nuno e Cau\u00e3 chegam a Arraial do Sol Nascente.<\/p>\n<p>(*) edi\u00e7\u00e3o da Rede Globo, Novela \u201cSol Nascente\u201d, sujeito a altera\u00e7\u00e3o de data e conte\u00fado.<\/p>\n","protected":false},"excerpt":{"rendered":"<p>Novela \u201cSol Nascente\u201d resumo 26\/09: a\u00a0gan\u00e2ncia e mau caratismo de neto e av\u00f3 n\u00e3o tem limite. Cesar d\u00e1 mais um passo em seu plano. Ele d\u00e1 um jeito de trabalhar na empresa de Tanaka e consegue. Assim, anuncia que vai trabalhar na empresa ao lado de Alice e esta comemora a not\u00edcia. Enquanto isso, Carolina [&hellip;]<\/p>\n","protected":false},"author":4,"featured_media":91714,"comment_status":"open","ping_status":"closed","sticky":false,"template":"","format":"standard","meta":{"tdm_status":"","tdm_grid_status":"","footnotes":""},"categories":[379,375,343],"tags":[441],"class_list":{"0":"post-95996","1":"post","2":"type-post","3":"status-publish","4":"format-standard","5":"has-post-thumbnail","7":"category-novelas","8":"category-rede-globo","9":"category-televisao","10":"tag-resumo-do-dia"},"_links":{"self":[{"href":"https:\/\/migracao.redenoticia.com.br\/noticia\/wp-json\/wp\/v2\/posts\/95996","targetHints":{"allow":["GET"]}}],"collection":[{"href":"https:\/\/migracao.redenoticia.com.br\/noticia\/wp-json\/wp\/v2\/posts"}],"about":[{"href":"https:\/\/migracao.redenoticia.com.br\/noticia\/wp-json\/wp\/v2\/types\/post"}],"author":[{"embeddable":true,"href":"https:\/\/migracao.redenoticia.com.br\/noticia\/wp-json\/wp\/v2\/users\/4"}],"replies":[{"embeddable":true,"href":"https:\/\/migracao.redenoticia.com.br\/noticia\/wp-json\/wp\/v2\/comments?post=95996"}],"version-history":[{"count":0,"href":"https:\/\/migracao.redenoticia.com.br\/noticia\/wp-json\/wp\/v2\/posts\/95996\/revisions"}],"wp:featuredmedia":[{"embeddable":true,"href":"https:\/\/migracao.redenoticia.com.br\/noticia\/wp-json\/wp\/v2\/media\/91714"}],"wp:attachment":[{"href":"https:\/\/migracao.redenoticia.com.br\/noticia\/wp-json\/wp\/v2\/media?parent=95996"}],"wp:term":[{"taxonomy":"category","embeddable":true,"href":"https:\/\/migracao.redenoticia.com.br\/noticia\/wp-json\/wp\/v2\/categories?post=95996"},{"taxonomy":"post_tag","embeddable":true,"href":"https:\/\/migracao.redenoticia.com.br\/noticia\/wp-json\/wp\/v2\/tags?post=95996"}],"curies":[{"name":"wp","href":"https:\/\/api.w.org\/{rel}","templated":true}]}}