{"id":96000,"date":"2016-09-24T16:26:25","date_gmt":"2016-09-24T19:26:25","guid":{"rendered":"http:\/\/www.redenoticia.com.br\/noticia\/?p=96000"},"modified":"2016-09-24T16:26:19","modified_gmt":"2016-09-24T19:26:19","slug":"novela-malhacao-resumo-2609-barbara-conhece-andrea-fisioterapeuta-de-gabriel","status":"publish","type":"post","link":"https:\/\/migracao.redenoticia.com.br\/noticia\/2016\/novela-malhacao-resumo-2609-barbara-conhece-andrea-fisioterapeuta-de-gabriel\/96000","title":{"rendered":"Novela \u201cMalha\u00e7\u00e3o\u201d resumo 26\/09: B\u00e1rbara conhece a fisioterapeuta de Gabriel"},"content":{"rendered":"<p><img loading=\"lazy\" decoding=\"async\" class=\"alignleft size-thumbnail wp-image-91715\" src=\"https:\/\/migracao.redenoticia.com.br\/noticia\/imagens\/malhacao_pro_dia_nascer_feliz_resumo_novela-150x112.jpg\" alt=\"malhacao_pro_dia_nascer_feliz_resumo_novela\" width=\"150\" height=\"112\" srcset=\"https:\/\/migracao.redenoticia.com.br\/noticia\/imagens\/malhacao_pro_dia_nascer_feliz_resumo_novela-150x112.jpg 150w, https:\/\/migracao.redenoticia.com.br\/noticia\/imagens\/malhacao_pro_dia_nascer_feliz_resumo_novela-265x198.jpg 265w\" sizes=\"auto, (max-width: 150px) 100vw, 150px\" \/><strong><em>Novela \u201cMalha\u00e7\u00e3o\u201d resumo 26\/09<\/em><\/strong>:\u00a0o ci\u00fame de\u00a0B\u00e1rbara faz\u00a0Gabriel se dar mal. Por causa da noiva, o atleta entra em uma briga e, al\u00e9m de correr o risco de perder o patroc\u00ednio, tem que aturar a f\u00faria de\u00a0Ricardo.\u00a0 Com\u00a0Giovane ele desabafa e diz que est\u00e1 cheio do ci\u00fame idiota de B\u00e1rbara. Giovane d\u00e1 a real e diz que a mo\u00e7a n\u00e3o vai mudar. Gabriel diz que n\u00e3o tem que aturar este tipo de comportamento, Giovane sugere que ele termine com a noiva e Gabriel diz que est\u00e1 a pensar nisso. Para piorar, B\u00e1rbara conhece Andrea, fisioterapeuta de Gabriel, e acontece mais um chilique da loira.<\/p>\n<p>No cap\u00edtulo 026(*), novela \u201cMalha\u00e7\u00e3o\u201d, segunda-feira, 26 de setembro \u2013 Joana comete uma gafe com Ricardo e T\u00e2nia. Ricardo e T\u00e2nia surpreendem F\u00e1bio e Manuela brigando novamente.<\/p>\n<p>B\u00e1rbara arma uma confus\u00e3o por ci\u00fames de Gabriel. Joana revela a T\u00e2nia que Caio acusou Ricardo pela morte de sua esposa. R\u00f4mulo cuida de Nanda.<\/p>\n<p>Tita e Ricardo se preocupam com a repercuss\u00e3o do incidente de Gabriel na boate. B\u00e1rbara conhece Andrea, fisioterapeuta de Gabriel. Gabriel reclama dos ci\u00fames de B\u00e1rbara e amea\u00e7a romper com a noiva.<\/p>\n<p>(*) edi\u00e7\u00e3o da Rede Globo, Novela \u201cMalha\u00e7\u00e3o\u201d, sujeito a altera\u00e7\u00e3o de data e conte\u00fado.<\/p>\n","protected":false},"excerpt":{"rendered":"<p>Novela \u201cMalha\u00e7\u00e3o\u201d resumo 26\/09:\u00a0o ci\u00fame de\u00a0B\u00e1rbara faz\u00a0Gabriel se dar mal. Por causa da noiva, o atleta entra em uma briga e, al\u00e9m de correr o risco de perder o patroc\u00ednio, tem que aturar a f\u00faria de\u00a0Ricardo.\u00a0 Com\u00a0Giovane ele desabafa e diz que est\u00e1 cheio do ci\u00fame idiota de B\u00e1rbara. Giovane d\u00e1 a real e diz [&hellip;]<\/p>\n","protected":false},"author":4,"featured_media":91715,"comment_status":"open","ping_status":"closed","sticky":false,"template":"","format":"standard","meta":{"tdm_status":"","tdm_grid_status":"","footnotes":""},"categories":[447,379,375,343],"tags":[441],"class_list":{"0":"post-96000","1":"post","2":"type-post","3":"status-publish","4":"format-standard","5":"has-post-thumbnail","7":"category-malhacao","8":"category-novelas","9":"category-rede-globo","10":"category-televisao","11":"tag-resumo-do-dia"},"_links":{"self":[{"href":"https:\/\/migracao.redenoticia.com.br\/noticia\/wp-json\/wp\/v2\/posts\/96000","targetHints":{"allow":["GET"]}}],"collection":[{"href":"https:\/\/migracao.redenoticia.com.br\/noticia\/wp-json\/wp\/v2\/posts"}],"about":[{"href":"https:\/\/migracao.redenoticia.com.br\/noticia\/wp-json\/wp\/v2\/types\/post"}],"author":[{"embeddable":true,"href":"https:\/\/migracao.redenoticia.com.br\/noticia\/wp-json\/wp\/v2\/users\/4"}],"replies":[{"embeddable":true,"href":"https:\/\/migracao.redenoticia.com.br\/noticia\/wp-json\/wp\/v2\/comments?post=96000"}],"version-history":[{"count":0,"href":"https:\/\/migracao.redenoticia.com.br\/noticia\/wp-json\/wp\/v2\/posts\/96000\/revisions"}],"wp:featuredmedia":[{"embeddable":true,"href":"https:\/\/migracao.redenoticia.com.br\/noticia\/wp-json\/wp\/v2\/media\/91715"}],"wp:attachment":[{"href":"https:\/\/migracao.redenoticia.com.br\/noticia\/wp-json\/wp\/v2\/media?parent=96000"}],"wp:term":[{"taxonomy":"category","embeddable":true,"href":"https:\/\/migracao.redenoticia.com.br\/noticia\/wp-json\/wp\/v2\/categories?post=96000"},{"taxonomy":"post_tag","embeddable":true,"href":"https:\/\/migracao.redenoticia.com.br\/noticia\/wp-json\/wp\/v2\/tags?post=96000"}],"curies":[{"name":"wp","href":"https:\/\/api.w.org\/{rel}","templated":true}]}}