{"id":96004,"date":"2016-09-24T16:19:01","date_gmt":"2016-09-24T19:19:01","guid":{"rendered":"http:\/\/www.redenoticia.com.br\/noticia\/?p=96004"},"modified":"2016-09-24T16:24:08","modified_gmt":"2016-09-24T19:24:08","slug":"novela-cheias-de-charme-resumo-2609-penha-resolve-procurar-lygia","status":"publish","type":"post","link":"https:\/\/migracao.redenoticia.com.br\/noticia\/2016\/novela-cheias-de-charme-resumo-2609-penha-resolve-procurar-lygia\/96004","title":{"rendered":"Novela \u201cCheias de Charme\u201d resumo 26\/09: In\u00e1cio descobre o santu\u00e1rio de Fabian"},"content":{"rendered":"<p><img loading=\"lazy\" decoding=\"async\" class=\"alignleft size-thumbnail wp-image-95548\" src=\"https:\/\/migracao.redenoticia.com.br\/noticia\/imagens\/cheias-de-charme-novela-globo-internacional-resumo-proximo-capitulo-150x112.jpg\" alt=\"cheias-de-charme-novela-globo-internacional-resumo-proximo-capitulo\" width=\"150\" height=\"112\" \/><strong><em>Novela \u201cCheias de Charme\u201d resumo 26\/09<\/em><\/strong>:\u00a0In\u00e1cio confessa a Heraldo que est\u00e1 muito apaixonado por Ros\u00e1rio. Ap\u00f3s a conversa, In\u00e1cio a procura e eles fazem as pazes. Com ciume, Dinha tenta fazer intrigas entre os dois. Depois, In\u00e1cio descobre no quarto de Ros\u00e1rio o santu\u00e1rio de Fabian e fica chocado. <\/p>\n<p>No cap\u00edtulo 006(*), novela \u201cCheias de Charme\u201d, segunda-feira, 26 de setembro \u2013 Otto insiste que Conrado volte para Curitiba com ele e M\u00e1slova decide acompanhar o neto. Penha perde o emprego na casa de M\u00e1slova. O cantor se apresenta na associa\u00e7\u00e3o das trabalhadoras dom\u00e9sticas.<\/p>\n<p>Chayene fala com a imprensa e pede a Ros\u00e1rio que d\u00ea um depoimento sobre ela. Fabian \u00e9 beijado por Chayene no palco. Naldo diz a Penha que Lygia n\u00e3o \u00e9 mais advogada da cantora. Penha conta para Cida que Conrado voltou para Curitiba. Humberto assume o caso de Chayene. Sarmento procura Lygia e oferece seu emprego de volta. In\u00e1cio confessa a Heraldo que est\u00e1 apaixonado por Ros\u00e1rio.<\/p>\n<p>Lygia diz a Alejandro que precisa arrumar algu\u00e9m para cuidar da casa. Elano avisa a Penha que o escrit\u00f3rio de Sarmento ir\u00e1 process\u00e1-la por cal\u00fania. Cida sofre com a partida de Conrado e fica febril. In\u00e1cio faz as pazes com Ros\u00e1rio. Naldo e Socorro embarcam para o Piau\u00ed. Brunessa tenta conquistar Rodinei, mas \u00e9 rejeitada. Dinha tenta fazer intrigas entre In\u00e1cio e Ros\u00e1rio. Penha pede para conversar com Lygia. Conrado recebe uma visita inesperada em seu quarto. In\u00e1cio descobre o santu\u00e1rio de Fabian no quarto de Ros\u00e1rio.<\/p>\n<p>(*) edi\u00e7\u00e3o da Rede Globo, Novela \u201cCheias de Charme\u201d, sujeito a altera\u00e7\u00e3o de data e conte\u00fado.<\/p>\n","protected":false},"excerpt":{"rendered":"<p>Novela \u201cCheias de Charme\u201d resumo 26\/09:\u00a0In\u00e1cio confessa a Heraldo que est\u00e1 muito apaixonado por Ros\u00e1rio. Ap\u00f3s a conversa, In\u00e1cio a procura e eles fazem as pazes. Com ciume, Dinha tenta fazer intrigas entre os dois. Depois, In\u00e1cio descobre no quarto de Ros\u00e1rio o santu\u00e1rio de Fabian e fica chocado. No cap\u00edtulo 006(*), novela \u201cCheias de [&hellip;]<\/p>\n","protected":false},"author":4,"featured_media":95548,"comment_status":"open","ping_status":"closed","sticky":false,"template":"","format":"standard","meta":{"tdm_status":"","tdm_grid_status":"","footnotes":""},"categories":[379,375,343],"tags":[441],"class_list":{"0":"post-96004","1":"post","2":"type-post","3":"status-publish","4":"format-standard","5":"has-post-thumbnail","7":"category-novelas","8":"category-rede-globo","9":"category-televisao","10":"tag-resumo-do-dia"},"_links":{"self":[{"href":"https:\/\/migracao.redenoticia.com.br\/noticia\/wp-json\/wp\/v2\/posts\/96004","targetHints":{"allow":["GET"]}}],"collection":[{"href":"https:\/\/migracao.redenoticia.com.br\/noticia\/wp-json\/wp\/v2\/posts"}],"about":[{"href":"https:\/\/migracao.redenoticia.com.br\/noticia\/wp-json\/wp\/v2\/types\/post"}],"author":[{"embeddable":true,"href":"https:\/\/migracao.redenoticia.com.br\/noticia\/wp-json\/wp\/v2\/users\/4"}],"replies":[{"embeddable":true,"href":"https:\/\/migracao.redenoticia.com.br\/noticia\/wp-json\/wp\/v2\/comments?post=96004"}],"version-history":[{"count":0,"href":"https:\/\/migracao.redenoticia.com.br\/noticia\/wp-json\/wp\/v2\/posts\/96004\/revisions"}],"wp:featuredmedia":[{"embeddable":true,"href":"https:\/\/migracao.redenoticia.com.br\/noticia\/wp-json\/wp\/v2\/media\/95548"}],"wp:attachment":[{"href":"https:\/\/migracao.redenoticia.com.br\/noticia\/wp-json\/wp\/v2\/media?parent=96004"}],"wp:term":[{"taxonomy":"category","embeddable":true,"href":"https:\/\/migracao.redenoticia.com.br\/noticia\/wp-json\/wp\/v2\/categories?post=96004"},{"taxonomy":"post_tag","embeddable":true,"href":"https:\/\/migracao.redenoticia.com.br\/noticia\/wp-json\/wp\/v2\/tags?post=96004"}],"curies":[{"name":"wp","href":"https:\/\/api.w.org\/{rel}","templated":true}]}}