{"id":96011,"date":"2016-09-24T16:45:38","date_gmt":"2016-09-24T19:45:38","guid":{"rendered":"http:\/\/www.redenoticia.com.br\/noticia\/?p=96011"},"modified":"2016-09-24T16:45:11","modified_gmt":"2016-09-24T19:45:11","slug":"novela-cumplices-de-um-resgate-resumo-2609-nina-e-fiorina-discutem-ao-perceber-que-estao-com-um-vestido-semelhante","status":"publish","type":"post","link":"https:\/\/migracao.redenoticia.com.br\/noticia\/2016\/novela-cumplices-de-um-resgate-resumo-2609-nina-e-fiorina-discutem-ao-perceber-que-estao-com-um-vestido-semelhante\/96011","title":{"rendered":"Novela \u201cC\u00famplices de um Resgate\u201d resumo 26\/09: Nina e Fiorina discutem"},"content":{"rendered":"<p><img loading=\"lazy\" decoding=\"async\" class=\"alignleft size-thumbnail wp-image-71351\" src=\"https:\/\/migracao.redenoticia.com.br\/noticia\/imagens\/cumplices_de_um_resgate_sbt_novela_resumo-150x112.jpg\" alt=\"cumplices_de_um_resgate_sbt_novela_resumo\" width=\"150\" height=\"112\" srcset=\"https:\/\/migracao.redenoticia.com.br\/noticia\/imagens\/cumplices_de_um_resgate_sbt_novela_resumo-150x112.jpg 150w, https:\/\/migracao.redenoticia.com.br\/noticia\/imagens\/cumplices_de_um_resgate_sbt_novela_resumo-265x198.jpg 265w\" sizes=\"auto, (max-width: 150px) 100vw, 150px\" \/><strong><em>Novela \u201cC\u00famplices de um Resgate\u201d resumo 26\/09<\/em><\/strong>: no Vilarejo dos Sonhos, Fiorina e Nina terminam de arrumar as igrejas para o casamento e Helena se arruma para a cerim\u00f4nia. Ot\u00e1vio manda Ta\u00edsa atender as liga\u00e7\u00f5es da empresa e Paola, que na verdade \u00e9 Regina. descobre que Ot\u00e1vio saiu mais cedo para se aprontar para um casamento. Como sempre, Nina e Fiorina discutem ao perceber que est\u00e3o com um vestido semelhante. O casamento come\u00e7a e Helena se atrasa na carruagem.<\/p>\n<p>No cap\u00edtulo 301(*), novela \u201cC\u00famplice de um Resgate\u201d, segunda-feira, 26 de setembro \u2013 Arthur avisa aos irm\u00e3os Vaz que Priscila mudou de gravadora e por isso os ensaios est\u00e3o suspensos. Joaquim, Julia e Felipe sugerem que Arthur convide Vicente para voltar a trabalhar na D\u00f3-R\u00e9-Music.<\/p>\n<p>O empres\u00e1rio diz que vai pensar nisso, mas n\u00e3o sabe como falar com Vicente. Frederico vai embora da On-Enterprise ap\u00f3s ser demitido por Ot\u00e1vio, acusado injustamente de roubo. Tomas comemora com Ta\u00edsa o sucesso de seu plano contra o estilista. Priscila n\u00e3o gosta do seu primeiro ensaio na nova gravadora, Top Records. Fiorina e Nina terminam de arrumar as igrejas para o casamento.<\/p>\n<p>Enquanto isso, Helena se arruma para a cerim\u00f4nia. Ot\u00e1vio manda Ta\u00edsa atender as liga\u00e7\u00f5es da empresa. A mulher atende um telefonema de Paola, que na verdade \u00e9 Regina. A vil\u00e3 descobre que Ot\u00e1vio saiu mais cedo para se aprontar para um casamento. Nina e Fiorina discutem ao perceber que est\u00e3o com um vestido semelhante. O casamento come\u00e7a. Helena se atrasa na carruagem. Arthur conversa com Vicente. Raul fica frente a frente com Regina na mans\u00e3o.<\/p>\n<p>(*) edi\u00e7\u00e3o do SBT, Novela \u201cC\u00famplices de um Resgate\u201d, sujeito a altera\u00e7\u00e3o de data e conte\u00fado.<\/p>\n","protected":false},"excerpt":{"rendered":"<p>Novela \u201cC\u00famplices de um Resgate\u201d resumo 26\/09: no Vilarejo dos Sonhos, Fiorina e Nina terminam de arrumar as igrejas para o casamento e Helena se arruma para a cerim\u00f4nia. Ot\u00e1vio manda Ta\u00edsa atender as liga\u00e7\u00f5es da empresa e Paola, que na verdade \u00e9 Regina. descobre que Ot\u00e1vio saiu mais cedo para se aprontar para um [&hellip;]<\/p>\n","protected":false},"author":4,"featured_media":71351,"comment_status":"open","ping_status":"closed","sticky":false,"template":"","format":"standard","meta":{"tdm_status":"","tdm_grid_status":"","footnotes":""},"categories":[379,372,343],"tags":[441],"class_list":{"0":"post-96011","1":"post","2":"type-post","3":"status-publish","4":"format-standard","5":"has-post-thumbnail","7":"category-novelas","8":"category-sbt","9":"category-televisao","10":"tag-resumo-do-dia"},"_links":{"self":[{"href":"https:\/\/migracao.redenoticia.com.br\/noticia\/wp-json\/wp\/v2\/posts\/96011","targetHints":{"allow":["GET"]}}],"collection":[{"href":"https:\/\/migracao.redenoticia.com.br\/noticia\/wp-json\/wp\/v2\/posts"}],"about":[{"href":"https:\/\/migracao.redenoticia.com.br\/noticia\/wp-json\/wp\/v2\/types\/post"}],"author":[{"embeddable":true,"href":"https:\/\/migracao.redenoticia.com.br\/noticia\/wp-json\/wp\/v2\/users\/4"}],"replies":[{"embeddable":true,"href":"https:\/\/migracao.redenoticia.com.br\/noticia\/wp-json\/wp\/v2\/comments?post=96011"}],"version-history":[{"count":0,"href":"https:\/\/migracao.redenoticia.com.br\/noticia\/wp-json\/wp\/v2\/posts\/96011\/revisions"}],"wp:featuredmedia":[{"embeddable":true,"href":"https:\/\/migracao.redenoticia.com.br\/noticia\/wp-json\/wp\/v2\/media\/71351"}],"wp:attachment":[{"href":"https:\/\/migracao.redenoticia.com.br\/noticia\/wp-json\/wp\/v2\/media?parent=96011"}],"wp:term":[{"taxonomy":"category","embeddable":true,"href":"https:\/\/migracao.redenoticia.com.br\/noticia\/wp-json\/wp\/v2\/categories?post=96011"},{"taxonomy":"post_tag","embeddable":true,"href":"https:\/\/migracao.redenoticia.com.br\/noticia\/wp-json\/wp\/v2\/tags?post=96011"}],"curies":[{"name":"wp","href":"https:\/\/api.w.org\/{rel}","templated":true}]}}