{"id":96021,"date":"2016-09-24T16:15:49","date_gmt":"2016-09-24T19:15:49","guid":{"rendered":"http:\/\/www.redenoticia.com.br\/noticia\/?p=96021"},"modified":"2016-09-24T16:34:44","modified_gmt":"2016-09-24T19:34:44","slug":"novela-mar-de-amor-resumo-2609-frederica-tambem-comemora-a-condenacao-de-victor-manuel","status":"publish","type":"post","link":"https:\/\/migracao.redenoticia.com.br\/noticia\/2016\/novela-mar-de-amor-resumo-2609-frederica-tambem-comemora-a-condenacao-de-victor-manuel\/96021","title":{"rendered":"Novela \u201cMar de Amor\u201d resumo 26\/09: Coral comemora a condena\u00e7\u00e3o de Victor"},"content":{"rendered":"<p><img loading=\"lazy\" decoding=\"async\" class=\"alignleft size-thumbnail wp-image-86321\" src=\"https:\/\/migracao.redenoticia.com.br\/noticia\/imagens\/Mar_de_Amor_SBT_resumo_novela-150x112.jpg\" alt=\"Mar_de_Amor_SBT_resumo_novela\" width=\"150\" height=\"112\" srcset=\"https:\/\/migracao.redenoticia.com.br\/noticia\/imagens\/Mar_de_Amor_SBT_resumo_novela-150x112.jpg 150w, https:\/\/migracao.redenoticia.com.br\/noticia\/imagens\/Mar_de_Amor_SBT_resumo_novela-265x198.jpg 265w\" sizes=\"auto, (max-width: 150px) 100vw, 150px\" \/><strong><em>Novela \u201cMar de Amor\u201d resumo 26\/09<\/em><\/strong>: arrependida, Estrela vai ver Victor Manuel, mas ele responde que n\u00e3o quer que ela esteja l\u00e1, pois talvez j\u00e1 seja tarde demais para os dois. Victor segue ciente de que, sendo condenado, vai ter que escapar. A parte acusadora diz a Luciana que Victor Manuel praticamente deu todas as armas que precisava para conden\u00e1-lo. O juiz d\u00e1 seu veredito e condena Victor Manuel a 50 anos de pris\u00e3o. Estrela n\u00e3o quer viver depois de saber disso, mas Coral n\u00e3o se aguenta de tanta felicidade. Frederica tamb\u00e9m comemora a condena\u00e7\u00e3o. Depois, Mercedes vai \u00e0 casa de Estrela pedir lhe que saia de uma vez por todas da vida de Victor Manuel.<\/p>\n<p>No cap\u00edtulo 096(*), novela \u201cMar de Amor\u201d, segunda-feira, 26 de setembro \u2013 Estrela est\u00e1 muito arrependida, pois sente que n\u00e3o esteve ao lado de Victor Manuel quando ele mais precisou. Estrela vai ver Victor Manuel, mas ele responde que n\u00e3o quer que ela esteja l\u00e1, pois talvez j\u00e1 seja tarde demais para os dois.<\/p>\n<p>Victor segue ciente de que, sendo condenado, ter\u00e1 que escapar. A parte acusadora diz a Luciana que Victor Manuel praticamente o deu todas as armas que precisava para conden\u00e1-lo. O juiz d\u00e1 seu veredito e condena Victor Manuel a 50 anos de pris\u00e3o.<\/p>\n<p>Estrela n\u00e3o quer seguir vivendo depois de saber disso, mas Coral n\u00e3o se aguenta de tanta felicidade. Frederica tamb\u00e9m comemora a condena\u00e7\u00e3o de Victor Manuel. Helena tem o pressentimento que est\u00e3o por chegar tempos de muita tristeza para todos eles. Oriana segue tentando salvar Santos das \u201cteias\u201d em que Coral o mant\u00e9m amarrado. Mercedes vai a casa de Estrela pedir lhe que saia de uma vez por todas da vida de Victor Manuel.<\/p>\n<p>(*) edi\u00e7\u00e3o do SBT, Novela \u201cMar de Amor\u201d, sujeito a altera\u00e7\u00e3o de data e conte\u00fado.<\/p>\n","protected":false},"excerpt":{"rendered":"<p>Novela \u201cMar de Amor\u201d resumo 26\/09: arrependida, Estrela vai ver Victor Manuel, mas ele responde que n\u00e3o quer que ela esteja l\u00e1, pois talvez j\u00e1 seja tarde demais para os dois. Victor segue ciente de que, sendo condenado, vai ter que escapar. A parte acusadora diz a Luciana que Victor Manuel praticamente deu todas as [&hellip;]<\/p>\n","protected":false},"author":4,"featured_media":86321,"comment_status":"open","ping_status":"closed","sticky":false,"template":"","format":"standard","meta":{"tdm_status":"","tdm_grid_status":"","footnotes":""},"categories":[379,372,343],"tags":[441],"class_list":{"0":"post-96021","1":"post","2":"type-post","3":"status-publish","4":"format-standard","5":"has-post-thumbnail","7":"category-novelas","8":"category-sbt","9":"category-televisao","10":"tag-resumo-do-dia"},"_links":{"self":[{"href":"https:\/\/migracao.redenoticia.com.br\/noticia\/wp-json\/wp\/v2\/posts\/96021","targetHints":{"allow":["GET"]}}],"collection":[{"href":"https:\/\/migracao.redenoticia.com.br\/noticia\/wp-json\/wp\/v2\/posts"}],"about":[{"href":"https:\/\/migracao.redenoticia.com.br\/noticia\/wp-json\/wp\/v2\/types\/post"}],"author":[{"embeddable":true,"href":"https:\/\/migracao.redenoticia.com.br\/noticia\/wp-json\/wp\/v2\/users\/4"}],"replies":[{"embeddable":true,"href":"https:\/\/migracao.redenoticia.com.br\/noticia\/wp-json\/wp\/v2\/comments?post=96021"}],"version-history":[{"count":0,"href":"https:\/\/migracao.redenoticia.com.br\/noticia\/wp-json\/wp\/v2\/posts\/96021\/revisions"}],"wp:featuredmedia":[{"embeddable":true,"href":"https:\/\/migracao.redenoticia.com.br\/noticia\/wp-json\/wp\/v2\/media\/86321"}],"wp:attachment":[{"href":"https:\/\/migracao.redenoticia.com.br\/noticia\/wp-json\/wp\/v2\/media?parent=96021"}],"wp:term":[{"taxonomy":"category","embeddable":true,"href":"https:\/\/migracao.redenoticia.com.br\/noticia\/wp-json\/wp\/v2\/categories?post=96021"},{"taxonomy":"post_tag","embeddable":true,"href":"https:\/\/migracao.redenoticia.com.br\/noticia\/wp-json\/wp\/v2\/tags?post=96021"}],"curies":[{"name":"wp","href":"https:\/\/api.w.org\/{rel}","templated":true}]}}