{"id":96043,"date":"2016-09-25T12:29:08","date_gmt":"2016-09-25T15:29:08","guid":{"rendered":"http:\/\/www.redenoticia.com.br\/noticia\/?p=96043"},"modified":"2016-09-25T12:29:42","modified_gmt":"2016-09-25T15:29:42","slug":"novela-velho-chico-resumo-2609","status":"publish","type":"post","link":"https:\/\/migracao.redenoticia.com.br\/noticia\/2016\/novela-velho-chico-resumo-2609\/96043","title":{"rendered":"Novela \u201cVelho Chico\u201d resumo 26\/09: C\u00edcero d\u00e1 as costas para Dalva e vai embora"},"content":{"rendered":"<p><img loading=\"lazy\" decoding=\"async\" class=\"alignleft size-thumbnail wp-image-82169\" src=\"https:\/\/migracao.redenoticia.com.br\/noticia\/imagens\/velho_chico_novela_resumo_globo-150x112.jpg\" alt=\"velho_chico_novela_resumo_globo\" width=\"150\" height=\"112\" srcset=\"https:\/\/migracao.redenoticia.com.br\/noticia\/imagens\/velho_chico_novela_resumo_globo-150x112.jpg 150w, https:\/\/migracao.redenoticia.com.br\/noticia\/imagens\/velho_chico_novela_resumo_globo-265x198.jpg 265w\" sizes=\"auto, (max-width: 150px) 100vw, 150px\" \/><strong><em>Novela \u201cVelho Chico\u201d resumo 26\/09<\/em><\/strong>: C\u00edcero manda Dalva escolher entre ele e a vida de cantora. Decidida, Dalva diz que sente orgulho do que faz e, por mais que esteja apaixonada, n\u00e3o vai deixar as coisas que acredita de lado. C\u00edcero d\u00e1 as costas para Dalva e vai embora. Ela chora no bar.<\/p>\n<p>No cap\u00edtulo 169(*), novela \u201cVelho Chico\u201d, segunda-feira, 26 de setembro \u2013 C\u00edcero manda Dalva escolher entre ele ou a vida de cantora. <\/p>\n<p>Ol\u00edvia revela a Miguel que est\u00e1 gr\u00e1vida e se surpreende com a rea\u00e7\u00e3o do amado. Ele logo a pede em casamento e d\u00e1 toda a seguran\u00e7a e apoio \u00e0 amada. Ap\u00f3s acertarem os pontos, os dois resolvem anunciar as boas novas \u00e0 fam\u00edlia toda. Piedade comemora. A not\u00edcia de que Ol\u00edvia e Miguel v\u00e3o se casar corre solta em Grotas do S\u00e3o Francisco. Chico Criatura pergunta ao padre se ele est\u00e1 sabendo do cas\u00f3rio.  <\/p>\n<p>Luzia diz que vai embora da fazenda. Ol\u00edvia percebe o desespero da m\u00e3e e tenta consol\u00e1-la.<\/p>\n<p>(*) edi\u00e7\u00e3o da Rede Globo, Novela \u201cVelho Chico\u201d, sujeito a altera\u00e7\u00e3o de data e conte\u00fado.<\/p>\n","protected":false},"excerpt":{"rendered":"<p>Novela \u201cVelho Chico\u201d resumo 26\/09: C\u00edcero manda Dalva escolher entre ele e a vida de cantora. Decidida, Dalva diz que sente orgulho do que faz e, por mais que esteja apaixonada, n\u00e3o vai deixar as coisas que acredita de lado. C\u00edcero d\u00e1 as costas para Dalva e vai embora. Ela chora no bar. No cap\u00edtulo [&hellip;]<\/p>\n","protected":false},"author":2,"featured_media":82169,"comment_status":"open","ping_status":"closed","sticky":false,"template":"","format":"standard","meta":{"tdm_status":"","tdm_grid_status":"","footnotes":""},"categories":[379,375,343],"tags":[441],"class_list":{"0":"post-96043","1":"post","2":"type-post","3":"status-publish","4":"format-standard","5":"has-post-thumbnail","7":"category-novelas","8":"category-rede-globo","9":"category-televisao","10":"tag-resumo-do-dia"},"_links":{"self":[{"href":"https:\/\/migracao.redenoticia.com.br\/noticia\/wp-json\/wp\/v2\/posts\/96043","targetHints":{"allow":["GET"]}}],"collection":[{"href":"https:\/\/migracao.redenoticia.com.br\/noticia\/wp-json\/wp\/v2\/posts"}],"about":[{"href":"https:\/\/migracao.redenoticia.com.br\/noticia\/wp-json\/wp\/v2\/types\/post"}],"author":[{"embeddable":true,"href":"https:\/\/migracao.redenoticia.com.br\/noticia\/wp-json\/wp\/v2\/users\/2"}],"replies":[{"embeddable":true,"href":"https:\/\/migracao.redenoticia.com.br\/noticia\/wp-json\/wp\/v2\/comments?post=96043"}],"version-history":[{"count":0,"href":"https:\/\/migracao.redenoticia.com.br\/noticia\/wp-json\/wp\/v2\/posts\/96043\/revisions"}],"wp:featuredmedia":[{"embeddable":true,"href":"https:\/\/migracao.redenoticia.com.br\/noticia\/wp-json\/wp\/v2\/media\/82169"}],"wp:attachment":[{"href":"https:\/\/migracao.redenoticia.com.br\/noticia\/wp-json\/wp\/v2\/media?parent=96043"}],"wp:term":[{"taxonomy":"category","embeddable":true,"href":"https:\/\/migracao.redenoticia.com.br\/noticia\/wp-json\/wp\/v2\/categories?post=96043"},{"taxonomy":"post_tag","embeddable":true,"href":"https:\/\/migracao.redenoticia.com.br\/noticia\/wp-json\/wp\/v2\/tags?post=96043"}],"curies":[{"name":"wp","href":"https:\/\/api.w.org\/{rel}","templated":true}]}}